{"id":91822,"date":"2020-07-09T16:43:17","date_gmt":"2020-07-09T20:43:17","guid":{"rendered":"https:\/\/linitiative.ca\/International\/projet-de-report-des-legislatives\/"},"modified":"2020-07-09T16:43:17","modified_gmt":"2020-07-09T20:43:17","slug":"projet-de-report-des-legislatives","status":"publish","type":"post","link":"https:\/\/linitiative.ca\/International\/projet-de-report-des-legislatives\/","title":{"rendered":"PROJET DE REPORT DES LEGISLATIVES\u00a0"},"content":{"rendered":"<div class=\"stream-item stream-item-above-post-content\">\n<p><noscript><\/p>\n<p><a href=\"\/\/www3.smartadserver.com\/ac?jump=1&amp;nwid=2136&amp;siteid=240610&amp;pgname=rg&amp;fmtid=49046&amp;visit=m&amp;tmstp=[timestamp]&amp;out=nonrich\" target=\"_blank\" rel=\"noopener noreferrer\"><img decoding=\"async\" src=\"http:\/\/www3.smartadserver.com\/ac?out=nonrich&amp;nwid=2136&amp;siteid=240610&amp;pgname=rg&amp;fmtid=49046&amp;visit=m&amp;tmstp=[timestamp]\" border=\"0\" alt=\"\"\/><\/a><\/p>\n<p><\/noscript><\/div>\n<p class=\"c3\"><em>Ils \u00e9taient tous l\u00e0, les six pr\u00e9sidents des groupes parlementaires autour du pr\u00e9sident de l\u2019Assembl\u00e9e nationale, sur le perron du palais pr\u00e9sidentiel, mercredi dernier, pour remettre au chef de l\u2019Etat un rapport contenant des recommandations (19 au total) parmi lesquelles il y a celle qui suscite d\u00e9j\u00e0 la col\u00e8re de bon nombre de nos compatriotes et qui est relative au report des \u00e9lections l\u00e9gislatives \u00e0 la fin de l\u2019ann\u00e9e 2021. Devant les journalistes, le pr\u00e9sident Alassane Bala Sakand\u00e9, tr\u00e8s en verve, a justifi\u00e9 l\u2019\u00e9ventuel report du scrutin l\u00e9gislatif par l\u2019environnement s\u00e9curitaire particuli\u00e8rement f\u00e9brile dans au moins cinq des treize r\u00e9gions du Burkina, faisant craindre des raids d\u2019intimidations, d\u2019enl\u00e8vements ou d\u2019assassinats que pourraient mener les groupes extr\u00e9mistes qui \u00e9cument les zones rurales du Nord, du Centre-Nord, de l\u2019Est, du Sahel et de la Boucle du Mouhoun. A vrai dire, organiser des \u00e9lections de proximit\u00e9 dans le contexte actuel o\u00f9 l\u2019\u00e9tat d\u2019urgence d\u00e9cr\u00e9t\u00e9 dans certaines provinces, impose une restriction des libert\u00e9s publiques, est difficile. D\u2019ailleurs, les \u00e9lecteurs potentiels, du moins les quelques rares qui y vivent encore, ne vont pas se passionner pour une \u00e9lection de d\u00e9put\u00e9s alors que les attaques contre les soldats et les civils alternent avec les explosions de mines artisanales dans quasiment tous les villages des zones sinistr\u00e9es. La principale pr\u00e9occupation des Burkinab\u00e8 devrait donc \u00eatre moins le choix des futurs parlementaires, que de sauver ces centaines de milliers de personnes aujourd\u2019hui prostr\u00e9es dans un exil int\u00e9rieur et martyris\u00e9es par les angoisses et souffrances existentielles.<\/em><\/p>\n<p class=\"c3\"><strong><em>Reste \u00e0 savoir si un \u00e9ventuel report du scrutin d\u2019un an, rendra toutes ces zones fr\u00e9quentables<\/em><\/strong><\/p>\n<p class=\"c3\"><em>N\u2019oublions pas, en effet, que la strat\u00e9gie funeste des terroristes qui consiste \u00e0 attiser les tensions intercommunautaires, ajout\u00e9e \u00e0 la r\u00e9ponse insuffisante et parfois maladroite de nos Forces de d\u00e9fense et de s\u00e9curit\u00e9, ont ray\u00e9 de nombreux villages de la carte, et ce serait une aberration d\u2019exposer la vie des candidats \u00e0 la d\u00e9putation, au nom de la d\u00e9mocratie et de la stabilit\u00e9 des institutions. Depuis le lancement du ballon d\u2019essai par le pr\u00e9sident de l\u2019Assembl\u00e9e nationale, beaucoup s\u2019offusquent du fait qu\u2019on veuille reporter les l\u00e9gislatives et maintenir la pr\u00e9sidentielle, arguant du fait que ceux qui \u00e9lisent le pr\u00e9sident du Faso sont les m\u00eames qui choisissent les d\u00e9put\u00e9s. C\u2019est \u00e9videmment un argument discutable, d\u2019autant que le candidat \u00e0 la magistrature supr\u00eame n\u2019aura pas forc\u00e9ment besoin de voix dans les provinces en crise pour d\u00e9poser ses p\u00e9nates \u00e0 Kosyam, alors que le candidat \u00e0 la d\u00e9putation pour le compte de la province du Loroum, par exemple, devra, lui, aller \u00e0 la rencontre de ses militants \u00e0 Titao, \u00e0 Soll\u00e9 ou \u00e0 Banh avec la tr\u00e8s forte probabilit\u00e9 d\u2019y laisser sa peau. Que se passerait-il si, au soir du 22 novembre, l\u2019on se retrouve avec une Assembl\u00e9e nationale de 80 d\u00e9put\u00e9s sur 127 au motif que l\u2019on n\u2019a pas pu voter dans certaines localit\u00e9s\u00a0? Certes, certains ont vite fait de parler de deal politique de la part des d\u00e9put\u00e9s, oubliant que nombreux sont les Burkinab\u00e8, du fait de l\u2019ins\u00e9curit\u00e9, qui n\u2019ont pas pu se faire enr\u00f4ler dans certaines r\u00e9gions. La politique politicienne ne doit pas prendre le pas sur le r\u00e9alisme. Seulement, reste \u00e0 savoir si un \u00e9ventuel report du scrutin d\u2019un an, rendra toutes ces zones fr\u00e9quentables, et si les groupes arm\u00e9s qui rivalisent aujourd\u2019hui dans le jeu horrible de qui tuera le plus, disparaitront de gr\u00e9 ou de force. On attend de voir puisque les d\u00e9put\u00e9s favorables \u00e0 la rallonge, pensent que le salut et la recette miracle viendront de la r\u00e9conciliation nationale que certains Burkinab\u00e8 appellent de leurs v\u0153ux, depuis que notre pays est en proie \u00e0 une crise politique avec le d\u00e9part de Blaise Compaor\u00e9 qui \u00e9tait consid\u00e9r\u00e9, \u00e0 tort ou \u00e0 raison, comme la soupape de s\u00e9curit\u00e9 qui mettait notre pays \u00e0 l\u2019abri du terrorisme. Toutefois, on ne peut s\u2019emp\u00eacher de se poser une question\u00a0: que se passerait-il si un candidat de l\u2019opposition venait \u00e0 remporter le scrutin pr\u00e9sidentiel du 22 novembre\u00a0? Va-t-il garder les choses en l\u2019\u00e9tat avec un parlement hostile, au motif qu\u2019il est impossible d\u2019organiser des l\u00e9gislatives dans certaines r\u00e9gions du pays\u00a0?<\/em><\/p>\n<p class=\"c3\"><strong><em>Hamadou GADIAGA<\/em><\/strong><\/p>\n<p>Auteur: Le Pays<br \/>\n<a href=\"http:\/\/lepays.bf\/projet-de-report-des-legislatives\/\">Cliquez ici pour lire l&rsquo;article depuis sa source.<\/a><\/p>\n","protected":false},"excerpt":{"rendered":"<p>Ils \u00e9taient tous l\u00e0, les six pr\u00e9sidents des groupes parlementaires autour du pr\u00e9sident de l\u2019Assembl\u00e9e nationale, sur le perron du palais pr\u00e9sidentiel, mercredi dernier, pour remettre au chef de l\u2019Etat un rapport contenant des recommandations (19 au total) parmi lesquelles il y a celle qui suscite d\u00e9j\u00e0 la col\u00e8re de bon nombre de nos compatriotes [&hellip;]<\/p>\n","protected":false},"author":1813,"featured_media":0,"comment_status":"closed","ping_status":"closed","sticky":false,"template":"","format":"standard","meta":{"fifu_image_url":"","fifu_image_alt":"","footnotes":""},"categories":[73,81],"tags":[],"class_list":["post-91822","post","type-post","status-publish","format-standard","hentry","category-actualite","category-burkina-faso"],"_links":{"self":[{"href":"https:\/\/linitiative.ca\/International\/wp-json\/wp\/v2\/posts\/91822","targetHints":{"allow":["GET"]}}],"collection":[{"href":"https:\/\/linitiative.ca\/International\/wp-json\/wp\/v2\/posts"}],"about":[{"href":"https:\/\/linitiative.ca\/International\/wp-json\/wp\/v2\/types\/post"}],"author":[{"embeddable":true,"href":"https:\/\/linitiative.ca\/International\/wp-json\/wp\/v2\/users\/1813"}],"replies":[{"embeddable":true,"href":"https:\/\/linitiative.ca\/International\/wp-json\/wp\/v2\/comments?post=91822"}],"version-history":[{"count":0,"href":"https:\/\/linitiative.ca\/International\/wp-json\/wp\/v2\/posts\/91822\/revisions"}],"wp:attachment":[{"href":"https:\/\/linitiative.ca\/International\/wp-json\/wp\/v2\/media?parent=91822"}],"wp:term":[{"taxonomy":"category","embeddable":true,"href":"https:\/\/linitiative.ca\/International\/wp-json\/wp\/v2\/categories?post=91822"},{"taxonomy":"post_tag","embeddable":true,"href":"https:\/\/linitiative.ca\/International\/wp-json\/wp\/v2\/tags?post=91822"}],"curies":[{"name":"wp","href":"https:\/\/api.w.org\/{rel}","templated":true}]}}