{"id":91825,"date":"2020-07-09T16:31:48","date_gmt":"2020-07-09T20:31:48","guid":{"rendered":"https:\/\/linitiative.ca\/International\/allegations-datteinte-aux-droits-humains-a-djibo-la-reaction-du-gouvernement\/"},"modified":"2020-07-09T16:31:48","modified_gmt":"2020-07-09T20:31:48","slug":"allegations-datteinte-aux-droits-humains-a-djibo-la-reaction-du-gouvernement","status":"publish","type":"post","link":"https:\/\/linitiative.ca\/International\/allegations-datteinte-aux-droits-humains-a-djibo-la-reaction-du-gouvernement\/","title":{"rendered":"All\u00e9gations d\u2019atteinte aux droits humains \u00e0 Djibo  : la r\u00e9action du gouvernement"},"content":{"rendered":"<div class=\"td-post-featured-image\"><a href=\"https:\/\/www.sidwaya.info\/wp-content\/uploads\/2020\/07\/1-24.jpg\" data-caption=\"\"><img loading=\"lazy\" decoding=\"async\" width=\"595\" height=\"335\" class=\"entry-thumb td-modal-image\" src=\"https:\/\/www.sidwaya.info\/wp-content\/uploads\/2020\/07\/1-24.jpg\" srcset=\"https:\/\/www.sidwaya.info\/wp-content\/uploads\/2020\/07\/1-24.jpg 595w, https:\/\/www.sidwaya.info\/wp-content\/uploads\/2020\/07\/1-24-300x169.jpg 300w\" sizes=\"auto, (max-width: 595px) 100vw, 595px\" alt=\"\" title=\"1\"\/><\/a><\/div>\n<p>Dans son rapport du 8 juillet 2020, l\u2019ONG Human Rights Watch (HRW) fait des all\u00e9gations d\u2019atteinte aux droits humains dans la r\u00e9gion de Djibo \u00e0 l\u2019endroit des Forces de D\u00e9fense et de S\u00e9curit\u00e9.<\/p>\n<p>Le Gouvernement remercie HRW et tous ceux qui portent un int\u00e9r\u00eat \u00e0 la situation des droits humains, en g\u00e9n\u00e9ral au Burkina Faso et en particulier, \u00e0 la s\u00e9curit\u00e9 de ses populations.<br \/>Le Gouvernement et par cons\u00e9quent, les Forces Arm\u00e9es Nationales ont toujours plac\u00e9 le respect des droits humains au centre de leurs pr\u00e9occupations.<br \/>La mission des Forces de D\u00e9fense et de S\u00e9curit\u00e9 (FDS) est de prot\u00e9ger les populations, les personnes et les biens et de d\u00e9fendre l\u2019int\u00e9grit\u00e9 du territoire. Elles le font, dans le respect des droits de l\u2019Homme et plus particuli\u00e8rement du droit \u00e0 la vie, du droit \u00e0 l\u2019int\u00e9grit\u00e9 physique des personnes tels que garantis par les instruments juridiques de protection des droits de l\u2019homme auxquels le Burkina Faso est partie.<br \/>Les all\u00e9gations, objets de la publication de Human Rights Watch se situent dans la p\u00e9riode de novembre 2019 et avril 2020 et concerneraient la mort d\u2019environ 170 personnes dans un rayon de 50 kilom\u00e8tres de Djibo. Les all\u00e9gations font une lecture \u00e9quivoque des efforts mis en \u0153uvre par les Forces de D\u00e9fense et de S\u00e9curit\u00e9 qui, depuis 2016, font face \u00e0 une guerre impos\u00e9e par des mouvements terroristes et des hommes arm\u00e9s non identifi\u00e9s.<br \/>Ces Groupes arm\u00e9es terroristes, apr\u00e8s s\u2019\u00eatre empar\u00e9s de certains mat\u00e9riels et tenues militaires des Forces arm\u00e9es, se sont sp\u00e9cialis\u00e9s dans l\u2019instauration de la confusion, en se faisant passer, aupr\u00e8s des populations pour des \u00e9l\u00e9ments des Forces de D\u00e9fense et de S\u00e9curit\u00e9.<\/p>\n<p>Ils ont m\u00eame tent\u00e9, \u00e0 certaines occasions, de d\u00e9jouer la vigilance des Forces Arm\u00e9es Nationales par le port des tenues ou l\u2019utilisation de leurs moyens logistiques. Il s\u2019av\u00e8re donc souvent difficile pour les populations de faire la diff\u00e9rence entre les groupes arm\u00e9es terroristes et les Forces Arm\u00e9es Nationales.<br \/>Cette p\u00e9riode concern\u00e9e par le rapport de HRW, correspond \u00e9galement \u00e0 celle pendant laquelle les attaques et les exactions des groupes terroristes ont \u00e9t\u00e9 les plus ressenties, chose qui est d\u2019ailleurs indiqu\u00e9e dans la publication de HRW. C\u2019est \u00e9galement la p\u00e9riode durant laquelle, les affrontements entre ces groupes ont \u00e9t\u00e9 les plus meurtriers.<br \/>Le Gouvernement du Burkina Faso tient \u00e0 rassurer l\u2019opinion nationale, ses partenaires et la communaut\u00e9 internationale, que les Forces de d\u00e9fense et de s\u00e9curit\u00e9, en d\u00e9pit de la modestie des moyens mis \u00e0 leur disposition, luttent contre le terrorisme dans le strict respect des r\u00e8gles d\u2019engagement qui r\u00e9gissent leurs actions.<br \/>Ce combat contre le terrorisme est men\u00e9 avec le professionnalisme et dans le strict respect des engagements du Burkina Faso en mati\u00e8re de droit international humanitaire et de droit de l\u2019homme.<\/p>\n<div class=\"td-a-rec td-a-rec-id-content_inline tdi_30_f80 td_block_template_1\"><img loading=\"lazy\" decoding=\"async\" class=\"aligncenter size-full wp-image-21314\" src=\"https:\/\/www.sidwaya.info\/wp-content\/uploads\/2020\/04\/Bandeau-Covid-19-Sidwaya-1.jpg\" alt=\"\" width=\"790\" height=\"98\"\/><\/div>\n<p>Toutes les fois o\u00f9, des membres des Forces de D\u00e9fense et de S\u00e9curit\u00e9 ont \u00e9t\u00e9 mis en cause par des accusations, des enqu\u00eates ont \u00e9t\u00e9 imm\u00e9diatement ouvertes afin de situer les responsabilit\u00e9s et de sanctionner les auteurs.<br \/>Devant les succ\u00e8s des Forces de D\u00e9fense et de S\u00e9curit\u00e9, les actions terroristes visent de plus en plus des populations civiles, en particulier les femmes et les enfants. Ainsi, dans la matin\u00e9e du mardi 24 d\u00e9cembre 2019, des terroristes, apr\u00e8s l\u2019\u00e9chec de leur attaque contre une position des Forces Arm\u00e9es Nationales, ont, dans leur fuite, l\u00e2chement assassin\u00e9 trente-cinq (35) civils dont trente-une (31) femmes et bless\u00e9 six (06) personnes.<br \/>Ces exactions commises \u00e0 Arbinda, constituent un exemple des nombreuses attaques perp\u00e9tr\u00e9es par les terroristes, pour saper et fragiliser le vivre-ensemble. Ainsi, des religieux, des commer\u00e7ants, des paysans, des \u00e9leveurs et des \u00e9lus locaux sont froidement assassin\u00e9s, avec pour objectif affich\u00e9 de mettre \u00e0 mal le vivre-ensemble l\u00e9gendaire des populations Burkinab\u00e8. Les attaques terroristes contre les villages ont amen\u00e9 plus de 920.000 personnes \u00e0 se d\u00e9placer vers des lieux plus s\u00fbrs.<br \/>\u2026\/\u2026Non seulement ces personnes d\u00e9plac\u00e9es internes sont prises en charge par l\u2019action du Gouvernement et de ses partenaires, mais elles b\u00e9n\u00e9ficient surtout de la tr\u00e8s forte solidarit\u00e9 exprim\u00e9e par les populations h\u00f4tes.<\/p>\n<p>La riposte efficace \u00e0 ces attaques r\u00e9p\u00e9t\u00e9es appelle \u00e0 une franche collaboration des populations avec les Forces de D\u00e9fense et de S\u00e9curit\u00e9 et \u00e0 un renforcement de la solidarit\u00e9 entre Burkinab\u00e8. C\u2019est dans cet esprit, qu\u2019une loi portant institution des volontaires pour la d\u00e9fense de la patrie a \u00e9t\u00e9 vot\u00e9e par l\u2019Assembl\u00e9e nationale le 21 janvier 2020. L\u2019action de ces derniers permet aujourd\u2019hui un retour progressif des populations dans leurs localit\u00e9s d\u2019origine.Le Gouvernement du Burkina Faso r\u00e9affirme que la lutte contre le terrorisme ne saurait aboutir \u00e0 des r\u00e9sultats probants dans la stigmatisation d\u2019une communaut\u00e9 et encore moins dans un repli identitaire. Le Gouvernement du Burkina Faso ne m\u00e9nagera aucun effort pour relever les d\u00e9fis de la lutte contre le terrorisme, pour garantir la protection de ses populations et celle des r\u00e9fugi\u00e9s sur son territoire et continuera \u00e0 \u0153uvrer pour ramener la paix et la s\u00e9curit\u00e9 sur l\u2019ensemble du territoire national.<\/p>\n<p class=\"c1\"><strong>Le Ministre de la Communication et des Relations avec le Parlement,<\/strong><br \/><strong>Porte-parole du Gouvernement<\/strong><br \/><strong>R\u00e9mis Fulgance DANDJINOU<\/strong><br \/><strong>Officier de l\u2019Ordre National<\/strong><\/p>\n<div class=\"td-a-rec td-a-rec-id-content_bottom tdi_31_848 td_block_template_1\"><img loading=\"lazy\" decoding=\"async\" class=\"aligncenter size-full wp-image-22415\" src=\"https:\/\/www.sidwaya.info\/wp-content\/uploads\/2020\/05\/Bandeau-paiement-mobile-site.png\" alt=\"\" width=\"728\" height=\"90\"\/><\/div>\n<p>Auteur: DD. Sidwaya<br \/>\n<a href=\"https:\/\/www.sidwaya.info\/blog\/2020\/07\/09\/allegations-datteinte-aux-droits-humains-a-djibo-la-reaction-du-gouvernement\/\">Cliquez ici pour lire l&rsquo;article depuis sa source.<\/a><\/p>\n","protected":false},"excerpt":{"rendered":"<p>Dans son rapport du 8 juillet 2020, l\u2019ONG Human Rights Watch (HRW) fait des all\u00e9gations d\u2019atteinte aux droits humains dans la r\u00e9gion de Djibo \u00e0 l\u2019endroit des Forces de D\u00e9fense et de S\u00e9curit\u00e9. Le Gouvernement remercie HRW et tous ceux qui portent un int\u00e9r\u00eat \u00e0 la situation des droits humains, en g\u00e9n\u00e9ral au Burkina Faso [&hellip;]<\/p>\n","protected":false},"author":1816,"featured_media":91826,"comment_status":"closed","ping_status":"closed","sticky":false,"template":"","format":"standard","meta":{"fifu_image_url":"","fifu_image_alt":"","footnotes":""},"categories":[73,81],"tags":[],"class_list":["post-91825","post","type-post","status-publish","format-standard","has-post-thumbnail","hentry","category-actualite","category-burkina-faso"],"_links":{"self":[{"href":"https:\/\/linitiative.ca\/International\/wp-json\/wp\/v2\/posts\/91825","targetHints":{"allow":["GET"]}}],"collection":[{"href":"https:\/\/linitiative.ca\/International\/wp-json\/wp\/v2\/posts"}],"about":[{"href":"https:\/\/linitiative.ca\/International\/wp-json\/wp\/v2\/types\/post"}],"author":[{"embeddable":true,"href":"https:\/\/linitiative.ca\/International\/wp-json\/wp\/v2\/users\/1816"}],"replies":[{"embeddable":true,"href":"https:\/\/linitiative.ca\/International\/wp-json\/wp\/v2\/comments?post=91825"}],"version-history":[{"count":0,"href":"https:\/\/linitiative.ca\/International\/wp-json\/wp\/v2\/posts\/91825\/revisions"}],"wp:featuredmedia":[{"embeddable":true,"href":"https:\/\/linitiative.ca\/International\/wp-json\/"}],"wp:attachment":[{"href":"https:\/\/linitiative.ca\/International\/wp-json\/wp\/v2\/media?parent=91825"}],"wp:term":[{"taxonomy":"category","embeddable":true,"href":"https:\/\/linitiative.ca\/International\/wp-json\/wp\/v2\/categories?post=91825"},{"taxonomy":"post_tag","embeddable":true,"href":"https:\/\/linitiative.ca\/International\/wp-json\/wp\/v2\/tags?post=91825"}],"curies":[{"name":"wp","href":"https:\/\/api.w.org\/{rel}","templated":true}]}}