{"id":91827,"date":"2020-07-09T16:35:08","date_gmt":"2020-07-09T20:35:08","guid":{"rendered":"https:\/\/linitiative.ca\/International\/greve-des-syndicats-debats-autour-de-la-gestion-des-richesses-nationales\/"},"modified":"2020-07-09T16:35:08","modified_gmt":"2020-07-09T20:35:08","slug":"greve-des-syndicats-debats-autour-de-la-gestion-des-richesses-nationales","status":"publish","type":"post","link":"https:\/\/linitiative.ca\/International\/greve-des-syndicats-debats-autour-de-la-gestion-des-richesses-nationales\/","title":{"rendered":"Gr\u00e8ve des syndicats  : d\u00e9bats autour de la gestion  des richesses nationales"},"content":{"rendered":"<div class=\"td-post-featured-image\"><a href=\"https:\/\/www.sidwaya.info\/wp-content\/uploads\/2020\/07\/1-25.jpg\" data-caption=\"\"><img loading=\"lazy\" decoding=\"async\" width=\"595\" height=\"446\" class=\"entry-thumb td-modal-image\" src=\"https:\/\/www.sidwaya.info\/wp-content\/uploads\/2020\/07\/1-25.jpg\" srcset=\"https:\/\/www.sidwaya.info\/wp-content\/uploads\/2020\/07\/1-25.jpg 595w, https:\/\/www.sidwaya.info\/wp-content\/uploads\/2020\/07\/1-25-300x225.jpg 300w, https:\/\/www.sidwaya.info\/wp-content\/uploads\/2020\/07\/1-25-560x420.jpg 560w, https:\/\/www.sidwaya.info\/wp-content\/uploads\/2020\/07\/1-25-80x60.jpg 80w, https:\/\/www.sidwaya.info\/wp-content\/uploads\/2020\/07\/1-25-265x198.jpg 265w\" sizes=\"auto, (max-width: 595px) 100vw, 595px\" alt=\"\" title=\"1\"\/><\/a><\/div>\n<p><strong>La Coalition syndicale en lutte contre la baisse du pouvoir d\u2019achat, pour les libert\u00e9s et la bonne gouvernance a organis\u00e9, le jeudi 9 juillet 2020, \u00e0 la Bourse du travail, une conf\u00e9rence publique sur la gestion des richesses nationales.<\/strong><\/p>\n<p>Les syndicats regroup\u00e9s au sein de la Coalition syndicale en lutte contre la baisse du pouvoir d\u2019achat, pour les libert\u00e9s et la bonne gouvernance ont cl\u00f4tur\u00e9 leur gr\u00e8ve de 48 heures, par une conf\u00e9rence publique sur la gestion des ressources produites au Burkina Faso. A cette occasion, les responsables syndicaux ont d\u00e9nonc\u00e9 la mauvaise gouvernance du pouvoir en place. Illustrant leurs propos d\u2019exemples, ils ont cit\u00e9 notamment, le cas des ch\u00e8ques impay\u00e9s par des d\u00e9biteurs de l\u2019Etat burkinab\u00e8, les nombreuses fraudes fiscales ainsi que les cas de malversations parfois dans la haute sph\u00e8re de l\u2019Etat.<\/p>\n<p>Le Secr\u00e9taire g\u00e9n\u00e9ral (SG) de la Conf\u00e9d\u00e9ration g\u00e9n\u00e9rale du travail du Burkina (CGTB), Bassolma Bazi\u00e9 et ses camarades ont tent\u00e9 de montrer que le Burkina Faso a suffisamment de ressources pour assurer son d\u00e9veloppement. Seulement, ont-ils regrett\u00e9, c\u2019est la mauvaise gestion qui plombe les actions de d\u00e9veloppement et entrave la bonne marche du pays. Evoquant le manque \u00e0 gagner du fait du non paiement de certaines taxes par les soci\u00e9t\u00e9s mini\u00e8res install\u00e9es au Burkina Faso, les organisateurs estiment que les autorit\u00e9s gouvernementales sont responsables de cette situation. Aussi ont-ils pr\u00e9cis\u00e9 que selon l\u2019analyse des enqu\u00eates de la Cour des Comptes, les industries extractives ne sont pas suffisamment tax\u00e9es et en plus elles n\u2019honorent pas leur engagement vis-\u00e0-vis de l\u2019Etat burkinab\u00e8. Les syndicats ont, par ailleurs, r\u00e9clam\u00e9 l\u2019\u00e9tablissement d\u2019un fichier sur le foncier, afin de rendre plus transparente la gestion des recettes g\u00e9n\u00e9r\u00e9es par les taxes. D\u00e9but\u00e9e le mercredi 8 juillet 2020, la gr\u00e8ve de la coalition des syndicats s\u2019est achev\u00e9e hier jeudi 9 juillet 2020, par un appel adress\u00e9 au gouvernement pour la satisfaction dans les \u201cmeilleurs d\u00e9lais\u201d de leur plateforme revendicative. Le SG de la CGTB a demand\u00e9 aux militants des diff\u00e9rentes structures syndicales de resserrer les rangs pour les actions et mots d\u2019ordre \u00e0 venir.<\/p>\n<div class=\"td-a-rec td-a-rec-id-content_inline tdi_30_37f td_block_template_1\"><img loading=\"lazy\" decoding=\"async\" class=\"aligncenter size-full wp-image-21314\" src=\"https:\/\/www.sidwaya.info\/wp-content\/uploads\/2020\/04\/Bandeau-Covid-19-Sidwaya-1.jpg\" alt=\"\" width=\"790\" height=\"98\"\/><\/div>\n<p class=\"c1\"><strong>Abi OUEDRAOGO<\/strong><br \/><strong>Fay\u00e7al Gassimb\u00e9 (Stagiaires)<\/strong><\/p>\n<div class=\"td-a-rec td-a-rec-id-content_bottom tdi_31_59d td_block_template_1\"><img loading=\"lazy\" decoding=\"async\" class=\"aligncenter size-full wp-image-22415\" src=\"https:\/\/www.sidwaya.info\/wp-content\/uploads\/2020\/05\/Bandeau-paiement-mobile-site.png\" alt=\"\" width=\"728\" height=\"90\"\/><\/div>\n<p>Auteur: DD. Sidwaya<br \/>\n<a href=\"https:\/\/www.sidwaya.info\/blog\/2020\/07\/09\/greve-des-syndicats-debats-autour-de-la-gestion-des-richesses-nationales\/\">Cliquez ici pour lire l&rsquo;article depuis sa source.<\/a><\/p>\n","protected":false},"excerpt":{"rendered":"<p>La Coalition syndicale en lutte contre la baisse du pouvoir d\u2019achat, pour les libert\u00e9s et la bonne gouvernance a organis\u00e9, le jeudi 9 juillet 2020, \u00e0 la Bourse du travail, une conf\u00e9rence publique sur la gestion des richesses nationales. Les syndicats regroup\u00e9s au sein de la Coalition syndicale en lutte contre la baisse du pouvoir [&hellip;]<\/p>\n","protected":false},"author":1816,"featured_media":91828,"comment_status":"closed","ping_status":"closed","sticky":false,"template":"","format":"standard","meta":{"fifu_image_url":"","fifu_image_alt":"","footnotes":""},"categories":[73,81],"tags":[],"class_list":["post-91827","post","type-post","status-publish","format-standard","has-post-thumbnail","hentry","category-actualite","category-burkina-faso"],"_links":{"self":[{"href":"https:\/\/linitiative.ca\/International\/wp-json\/wp\/v2\/posts\/91827","targetHints":{"allow":["GET"]}}],"collection":[{"href":"https:\/\/linitiative.ca\/International\/wp-json\/wp\/v2\/posts"}],"about":[{"href":"https:\/\/linitiative.ca\/International\/wp-json\/wp\/v2\/types\/post"}],"author":[{"embeddable":true,"href":"https:\/\/linitiative.ca\/International\/wp-json\/wp\/v2\/users\/1816"}],"replies":[{"embeddable":true,"href":"https:\/\/linitiative.ca\/International\/wp-json\/wp\/v2\/comments?post=91827"}],"version-history":[{"count":0,"href":"https:\/\/linitiative.ca\/International\/wp-json\/wp\/v2\/posts\/91827\/revisions"}],"wp:featuredmedia":[{"embeddable":true,"href":"https:\/\/linitiative.ca\/International\/wp-json\/"}],"wp:attachment":[{"href":"https:\/\/linitiative.ca\/International\/wp-json\/wp\/v2\/media?parent=91827"}],"wp:term":[{"taxonomy":"category","embeddable":true,"href":"https:\/\/linitiative.ca\/International\/wp-json\/wp\/v2\/categories?post=91827"},{"taxonomy":"post_tag","embeddable":true,"href":"https:\/\/linitiative.ca\/International\/wp-json\/wp\/v2\/tags?post=91827"}],"curies":[{"name":"wp","href":"https:\/\/api.w.org\/{rel}","templated":true}]}}