{"id":91829,"date":"2020-07-09T16:38:37","date_gmt":"2020-07-09T20:38:37","guid":{"rendered":"https:\/\/linitiative.ca\/International\/budget-rectificatif-de-letat-laval-de-lassemblee-nationale\/"},"modified":"2020-07-09T16:38:37","modified_gmt":"2020-07-09T20:38:37","slug":"budget-rectificatif-de-letat-laval-de-lassemblee-nationale","status":"publish","type":"post","link":"https:\/\/linitiative.ca\/International\/budget-rectificatif-de-letat-laval-de-lassemblee-nationale\/","title":{"rendered":"Budget rectificatif de l\u2019Etat : l\u2019aval de l\u2019Assembl\u00e9e nationale"},"content":{"rendered":"<div class=\"td-post-featured-image\"><a href=\"https:\/\/www.sidwaya.info\/wp-content\/uploads\/2020\/07\/1-26.jpg\" data-caption=\"\"><img loading=\"lazy\" decoding=\"async\" width=\"595\" height=\"397\" class=\"entry-thumb td-modal-image\" src=\"https:\/\/www.sidwaya.info\/wp-content\/uploads\/2020\/07\/1-26.jpg\" srcset=\"https:\/\/www.sidwaya.info\/wp-content\/uploads\/2020\/07\/1-26.jpg 595w, https:\/\/www.sidwaya.info\/wp-content\/uploads\/2020\/07\/1-26-300x200.jpg 300w\" sizes=\"auto, (max-width: 595px) 100vw, 595px\" alt=\"\" title=\"1\"\/><\/a><\/div>\n<p><strong>Les d\u00e9put\u00e9s ont vot\u00e9 \u00e0 la majorit\u00e9, le projet de loi rectificative du budget de l\u2019Etat exercice 2020, le jeudi 9 juillet 2020 \u00e0 Ouagadougou.<\/strong><\/p>\n<p>Le gouvernement a le champ libre pour op\u00e9rer le r\u00e9ajustement budg\u00e9taire, dont il a besoin pour r\u00e9pondre aux exigences du moment. En effet, les d\u00e9put\u00e9s, r\u00e9unis en pl\u00e9ni\u00e8re, le jeudi 9 juillet 2020 \u00e0 Ouagadougou, ont donn\u00e9 leur quitus au projet de loi portant loi de finance rectificative pour l\u2019ex\u00e9cution de budget de l\u2019Etat exercice 2020. Les d\u00e9penses budg\u00e9taires s\u2019\u00e9l\u00e8vent \u00e0 plus de 2500 milliards F CFA avec un d\u00e9ficit de plus 285 milliards F CFA. A cette occasion, la session, qui a r\u00e9uni 98 votants \u00e0 l\u2019h\u00e9micycle, a permis d\u2019adopter individuellement les 27 articles, avant le projet dans son ensemble. Le vote \u00e0 main lev\u00e9e a donn\u00e9 88 voix pour, et 10 abstentions, provenant de l\u2019opposition.<\/p>\n<p>La raison de l\u2019adoption du projet de loi relatif au budget rectificatif de l\u2019Etat est due, selon le rapport de synth\u00e8se de la Commission des finances et du budget (COMFID), \u00e0 l\u2019apparition de nouveaux d\u00e9fis, notamment la pand\u00e9mie du coronavirus. A cela se greffent les questions de lutte contre le terrorisme et le grand banditisme. Des contraintes qui, de l\u2019avis du parlement, obligent l\u2019ex\u00e9cutif \u00e0 revoir son budget primitif afin de surmonter les difficult\u00e9s et de consolider les recettes de l\u2019Etat en vue d\u2019\u00eatre en phase avec les objectifs du Plan national de d\u00e9veloppement \u00e9conomique et social (PNDES). Un avis largement partag\u00e9 par les diff\u00e9rentes commissions parlementaires qui, se sont prononc\u00e9es sur le projet de loi. Mieux, les \u00e9lus sont convaincus que la majoration du budget va permettre au gouvernement de faire face aux mesures sociales, n\u00e9es de la COVID-19, de financer les \u00e9lections, et de renforcer le dispositif s\u00e9curitaire dans les zones \u00e0 risque pour r\u00e9pondre aux attentes des d\u00e9plac\u00e9s internes.<\/p>\n<div class=\"td-a-rec td-a-rec-id-content_inline tdi_30_898 td_block_template_1\"><img loading=\"lazy\" decoding=\"async\" class=\"aligncenter size-full wp-image-21314\" src=\"https:\/\/www.sidwaya.info\/wp-content\/uploads\/2020\/04\/Bandeau-Covid-19-Sidwaya-1.jpg\" alt=\"\" width=\"790\" height=\"98\"\/><\/div>\n<p>Le ministre de l\u2019Economie, des Finances et du D\u00e9veloppement, Lassan\u00e9 Kabor\u00e9, qui a d\u00e9fendu le projet devant la Repr\u00e9sentation nationale, a apport\u00e9 des \u00e9claircissements aux d\u00e9put\u00e9s. Il a surtout expliqu\u00e9 le bien-fond\u00e9 du projet. Selon lui la pand\u00e9mie de la COVID-19 a boulevers\u00e9 l\u2019ordre budg\u00e9taire pr\u00e9\u00e9tabli depuis le d\u00e9but de l\u2019ann\u00e9e. Aussi, le mal a mis \u00e0 nu la v\u00e9tust\u00e9 des installations et du syst\u00e8me sanitaire national, obligeant le gouvernement \u00e0 faire recours \u00e0 un r\u00e9ajustement pour venir \u00e0 bout de ses pr\u00e9visions de d\u00e9part.<\/p>\n<p class=\"c1\"><strong>Wanl\u00e9 G\u00e9rard COULIBALY<\/strong><\/p>\n<div class=\"td-a-rec td-a-rec-id-content_bottom tdi_31_711 td_block_template_1\"><img loading=\"lazy\" decoding=\"async\" class=\"aligncenter size-full wp-image-22415\" src=\"https:\/\/www.sidwaya.info\/wp-content\/uploads\/2020\/05\/Bandeau-paiement-mobile-site.png\" alt=\"\" width=\"728\" height=\"90\"\/><\/div>\n<p>Auteur: DD. Sidwaya<br \/>\n<a href=\"https:\/\/www.sidwaya.info\/blog\/2020\/07\/09\/budget-rectificatif-de-letat-laval-de-lassemblee-nationale\/\">Cliquez ici pour lire l&rsquo;article depuis sa source.<\/a><\/p>\n","protected":false},"excerpt":{"rendered":"<p>Les d\u00e9put\u00e9s ont vot\u00e9 \u00e0 la majorit\u00e9, le projet de loi rectificative du budget de l\u2019Etat exercice 2020, le jeudi 9 juillet 2020 \u00e0 Ouagadougou. Le gouvernement a le champ libre pour op\u00e9rer le r\u00e9ajustement budg\u00e9taire, dont il a besoin pour r\u00e9pondre aux exigences du moment. En effet, les d\u00e9put\u00e9s, r\u00e9unis en pl\u00e9ni\u00e8re, le jeudi [&hellip;]<\/p>\n","protected":false},"author":1816,"featured_media":91830,"comment_status":"closed","ping_status":"closed","sticky":false,"template":"","format":"standard","meta":{"fifu_image_url":"","fifu_image_alt":"","footnotes":""},"categories":[73,81],"tags":[],"class_list":["post-91829","post","type-post","status-publish","format-standard","has-post-thumbnail","hentry","category-actualite","category-burkina-faso"],"_links":{"self":[{"href":"https:\/\/linitiative.ca\/International\/wp-json\/wp\/v2\/posts\/91829","targetHints":{"allow":["GET"]}}],"collection":[{"href":"https:\/\/linitiative.ca\/International\/wp-json\/wp\/v2\/posts"}],"about":[{"href":"https:\/\/linitiative.ca\/International\/wp-json\/wp\/v2\/types\/post"}],"author":[{"embeddable":true,"href":"https:\/\/linitiative.ca\/International\/wp-json\/wp\/v2\/users\/1816"}],"replies":[{"embeddable":true,"href":"https:\/\/linitiative.ca\/International\/wp-json\/wp\/v2\/comments?post=91829"}],"version-history":[{"count":0,"href":"https:\/\/linitiative.ca\/International\/wp-json\/wp\/v2\/posts\/91829\/revisions"}],"wp:featuredmedia":[{"embeddable":true,"href":"https:\/\/linitiative.ca\/International\/wp-json\/"}],"wp:attachment":[{"href":"https:\/\/linitiative.ca\/International\/wp-json\/wp\/v2\/media?parent=91829"}],"wp:term":[{"taxonomy":"category","embeddable":true,"href":"https:\/\/linitiative.ca\/International\/wp-json\/wp\/v2\/categories?post=91829"},{"taxonomy":"post_tag","embeddable":true,"href":"https:\/\/linitiative.ca\/International\/wp-json\/wp\/v2\/tags?post=91829"}],"curies":[{"name":"wp","href":"https:\/\/api.w.org\/{rel}","templated":true}]}}