{"id":91832,"date":"2020-07-09T13:18:10","date_gmt":"2020-07-09T17:18:10","guid":{"rendered":"https:\/\/linitiative.ca\/International\/une-police-militaire-doit-accompagner-les-soldats-du-g5-sahel-pour-eviter-les-executions-sommaires\/"},"modified":"2020-07-09T13:18:10","modified_gmt":"2020-07-09T17:18:10","slug":"une-police-militaire-doit-accompagner-les-soldats-du-g5-sahel-pour-eviter-les-executions-sommaires","status":"publish","type":"post","link":"https:\/\/linitiative.ca\/International\/une-police-militaire-doit-accompagner-les-soldats-du-g5-sahel-pour-eviter-les-executions-sommaires\/","title":{"rendered":"Une police militaire doit accompagner les soldats du G5 Sahel pour \u00e9viter les \u00abex\u00e9cutions sommaires\u00bb"},"content":{"rendered":"<div readability=\"32\">\n<p>Publi\u00e9 le 09.07.2020 \u00e0 18h18 par APA News<\/p>\n<\/div>\n<div readability=\"72\">\n<p>L\u2019appui d\u2019une police militaire compos\u00e9e de forces polici\u00e8res \u00abprofessionnelles et impartiales\u00bb est \u00abcrucial\u00bb pour aider les soldats du G5 Sahel dans leurs op\u00e9rations de lutte contre le djihadisme et pour \u00e9viter la commission des \u00abex\u00e9cutions sommaires\u00bb de civils, indique une organisation de d\u00e9fense des droits de l\u2019homme dans une note d\u2019information transmise jeudi \u00e0 APA.Depuis quelques mois, remontent des informations concernant des pr\u00e9sum\u00e9es ex\u00e9cutions extra-judiciaires qui auraient \u00e9t\u00e9 commises par des soldats du G5 Sahel sur des combattants d\u00e9sarm\u00e9s, voire des civils.<\/p>\n<p>\u00ab(\u2026) Outre la pacification n\u00e9cessaire de ces zones, on n\u2019insistera jamais assez sur le fait que le maintien de l\u2019ordre n\u2019est pas un m\u00e9tier de soldat. Il est crucial que les forces (du G5 Sahel) soient accompagn\u00e9es d\u2019une police militaire apte \u00e0 la fois aux op\u00e9rations de police et surtout \u00e0 la surveillance de la l\u00e9galit\u00e9 des actions entreprises par les militaires qu\u2019ils accompagnent \u00bb, estime le document, qui donne, en outre, l\u2019exemple des formations prodigu\u00e9es par la France en ce sens.<\/p>\n<p>\u00ab(\u2026) dans cette optique la Gendarmerie Pr\u00e9v\u00f4tale fran\u00e7aise forme en ce moment m\u00eame une gendarmerie malienne, dans le cadre du Partenariat Militaire Op\u00e9rationnel (PMO) \u00bb, ajoute la m\u00eame source.<\/p>\n<p>Si les exactions des soldats du G5 Sahel doivent \u00eatre combattues sans rel\u00e2che et avec implacabilit\u00e9, poursuit la note, il faut le faire efficacement.<\/p>\n<p>En exploitant les divisions dues aux rivalit\u00e9s ethniques, au banditisme et \u00e0 une gouvernance judiciaire rest\u00e9e longtemps d\u00e9faillante, les groupes arm\u00e9s terroristes parviennent \u00e0 se fondre \u00e0 une partie des populations locales.<\/p>\n<p>\u00ab Dans le cadre des op\u00e9rations de combat ou de maintien de l\u2019ordre, il peut devenir tr\u00e8s difficile de discriminer des cibles civiles ou combattantes d\u2019autant plus que pour des arm\u00e9es sah\u00e9liennes insuffisamment form\u00e9es \u00bb, explique, par ailleurs le document.<\/p>\n<\/div>\n<p>Auteur: APA News<br \/>\n<a href=\"https:\/\/www.journalducameroun.com\/une-police-militaire-doit-accompagner-les-soldats-du-g5-sahel-pour-eviter-les-executions-sommaires\/\">Cliquez ici pour lire l&rsquo;article depuis sa source.<\/a><\/p>\n","protected":false},"excerpt":{"rendered":"<p>Publi\u00e9 le 09.07.2020 \u00e0 18h18 par APA News L\u2019appui d\u2019une police militaire compos\u00e9e de forces polici\u00e8res \u00abprofessionnelles et impartiales\u00bb est \u00abcrucial\u00bb pour aider les soldats du G5 Sahel dans leurs op\u00e9rations de lutte contre le djihadisme et pour \u00e9viter la commission des \u00abex\u00e9cutions sommaires\u00bb de civils, indique une organisation de d\u00e9fense des droits de l\u2019homme [&hellip;]<\/p>\n","protected":false},"author":1965,"featured_media":0,"comment_status":"closed","ping_status":"closed","sticky":false,"template":"","format":"standard","meta":{"fifu_image_url":"","fifu_image_alt":"","footnotes":""},"categories":[73,82],"tags":[],"class_list":["post-91832","post","type-post","status-publish","format-standard","hentry","category-actualite","category-cameroun"],"_links":{"self":[{"href":"https:\/\/linitiative.ca\/International\/wp-json\/wp\/v2\/posts\/91832","targetHints":{"allow":["GET"]}}],"collection":[{"href":"https:\/\/linitiative.ca\/International\/wp-json\/wp\/v2\/posts"}],"about":[{"href":"https:\/\/linitiative.ca\/International\/wp-json\/wp\/v2\/types\/post"}],"author":[{"embeddable":true,"href":"https:\/\/linitiative.ca\/International\/wp-json\/wp\/v2\/users\/1965"}],"replies":[{"embeddable":true,"href":"https:\/\/linitiative.ca\/International\/wp-json\/wp\/v2\/comments?post=91832"}],"version-history":[{"count":0,"href":"https:\/\/linitiative.ca\/International\/wp-json\/wp\/v2\/posts\/91832\/revisions"}],"wp:attachment":[{"href":"https:\/\/linitiative.ca\/International\/wp-json\/wp\/v2\/media?parent=91832"}],"wp:term":[{"taxonomy":"category","embeddable":true,"href":"https:\/\/linitiative.ca\/International\/wp-json\/wp\/v2\/categories?post=91832"},{"taxonomy":"post_tag","embeddable":true,"href":"https:\/\/linitiative.ca\/International\/wp-json\/wp\/v2\/tags?post=91832"}],"curies":[{"name":"wp","href":"https:\/\/api.w.org\/{rel}","templated":true}]}}