{"id":91833,"date":"2020-07-09T14:18:03","date_gmt":"2020-07-09T18:18:03","guid":{"rendered":"https:\/\/linitiative.ca\/International\/la-bad-accorde-une-aide-durgence-de-480-000-dollars-a-la-libye-pour-lutter-contre-la-covid-19\/"},"modified":"2020-07-09T14:18:03","modified_gmt":"2020-07-09T18:18:03","slug":"la-bad-accorde-une-aide-durgence-de-480-000-dollars-a-la-libye-pour-lutter-contre-la-covid-19","status":"publish","type":"post","link":"https:\/\/linitiative.ca\/International\/la-bad-accorde-une-aide-durgence-de-480-000-dollars-a-la-libye-pour-lutter-contre-la-covid-19\/","title":{"rendered":"La BAD accorde une aide d\u2019urgence de 480.000 dollars \u00e0 la Libye pour lutter contre la Covid-19"},"content":{"rendered":"<div readability=\"32\">\n<p>Publi\u00e9 le 09.07.2020 \u00e0 19h18 par APA News<\/p>\n<\/div>\n<div readability=\"85\">\n<p>Le Conseil d\u2019administration de la Banque africaine de d\u00e9veloppement (BAD) a approuv\u00e9, mercredi, l\u2019octroi d\u2019une subvention de 480.000 dollars am\u00e9ricains \u00e0 la Libye pour l\u2019achat d\u2019\u00e9quipements de protection individuelle (EPI), indispensables pour le traitement des cas d\u2019infection au nouveau coronavirus, indique jeudi un communiqu\u00e9 de la BAD parvenu \u00e0 APA.La subvention de la Banque au titre du Fonds sp\u00e9cial de secours (FSS) contribuera au plan national d\u2019intervention \u00a0de la Libye face au Covid-19. Elle permettra de privil\u00e9gier la pr\u00e9vention et le contr\u00f4le des infections, et de prot\u00e9ger les communaut\u00e9s, en particulier les personnes les plus vuln\u00e9rables, notamment les agents de sant\u00e9.<\/p>\n<p>Cette subvention est la premi\u00e8re accord\u00e9e depuis 2014 \u00e0 ce pays d\u2019Afrique du Nord dans le cadre du FSS, rappelle la BAD, ajoutant que cette subvention a \u00e9t\u00e9 approuv\u00e9e \u00e0 la suite d\u2019une demande du gouvernement libyen et valide le travail de coordination entre les minist\u00e8res des Finances et de la Sant\u00e9 du pays.<\/p>\n<p>L\u2019aide de la Banque portera sur la fourniture d\u2019\u00c9PI destin\u00e9s \u00e0 \u00eatre utilis\u00e9s dans les unit\u00e9s de soins intensifs et dans le traitement des patients infect\u00e9s.<\/p>\n<p>Selon la m\u00eame source, cette op\u00e9ration compl\u00e9tera les activit\u00e9s humanitaires actuellement men\u00e9es par les agences onusiennes et les organisations internationales pour limiter les cons\u00e9quences de la pand\u00e9mie Covid-19 sur la population libyenne.<\/p>\n<p>En cons\u00e9quence, les mesures d\u2019assistance de la Banque seront mises en place par les bureaux de l\u2019Organisation mondiale de la sant\u00e9 (OMS) en Libye.<\/p>\n<p>L\u2019Afrique du Nord est la r\u00e9gion du continent qui enregistre le plus de cas de contamination. Au moins, 45.000 personnes ont \u00e9t\u00e9 infect\u00e9es et environ 1 500 sont d\u00e9c\u00e9d\u00e9es depuis l\u2019\u00e9mergence du virus sur le continent en mars dernier. Bien que le nombre d\u2019infections signal\u00e9es en Libye reste g\u00e9rable (156 cas confirm\u00e9s et 5 d\u00e9c\u00e8s au 1er juin 2020), les services de sant\u00e9 du pays manquent de personnel, de m\u00e9dicaments et de mat\u00e9riel m\u00e9dical.<\/p>\n<p>La pand\u00e9mie de Covid-19 survient \u00e0 un moment difficile pour l\u2019\u00e9conomie libyenne, gravement touch\u00e9e par une forte baisse de la production p\u00e9troli\u00e8re, doubl\u00e9e d\u2019une chute des cours du brut sur les march\u00e9s internationaux. Le<\/p>\n<p>pays est \u00e9galement confront\u00e9 \u00e0 des troubles sociaux et politiques, qui constituent une menace pour l\u2019ensemble de la population.<\/p>\n<p>L\u2019aide apport\u00e9e par la Banque africaine de d\u00e9veloppement vise \u00e0 garantir que les secours et l\u2019assistance n\u00e9cessaires soient apport\u00e9s \u00e0 la population libyenne. Les interventions demeurent ax\u00e9es sur la pr\u00e9vention des infections chez les m\u00e9decins, les infirmi\u00e8res et les agents de sant\u00e9 qui se trouvent en premi\u00e8re ligne face \u00e0 la pand\u00e9mie et sont indispensables au succ\u00e8s des op\u00e9rations de pr\u00e9vention et de contr\u00f4le men\u00e9es.<\/p>\n<\/div>\n<p>Auteur: APA News<br \/>\n<a href=\"https:\/\/www.journalducameroun.com\/la-bad-accorde-une-aide-durgence-de-480-000-dollars-a-la-libye-pour-lutter-contre-la-covid-19\/\">Cliquez ici pour lire l&rsquo;article depuis sa source.<\/a><\/p>\n","protected":false},"excerpt":{"rendered":"<p>Publi\u00e9 le 09.07.2020 \u00e0 19h18 par APA News Le Conseil d\u2019administration de la Banque africaine de d\u00e9veloppement (BAD) a approuv\u00e9, mercredi, l\u2019octroi d\u2019une subvention de 480.000 dollars am\u00e9ricains \u00e0 la Libye pour l\u2019achat d\u2019\u00e9quipements de protection individuelle (EPI), indispensables pour le traitement des cas d\u2019infection au nouveau coronavirus, indique jeudi un communiqu\u00e9 de la BAD [&hellip;]<\/p>\n","protected":false},"author":1965,"featured_media":0,"comment_status":"closed","ping_status":"closed","sticky":false,"template":"","format":"standard","meta":{"fifu_image_url":"","fifu_image_alt":"","footnotes":""},"categories":[73,82],"tags":[],"class_list":["post-91833","post","type-post","status-publish","format-standard","hentry","category-actualite","category-cameroun"],"_links":{"self":[{"href":"https:\/\/linitiative.ca\/International\/wp-json\/wp\/v2\/posts\/91833","targetHints":{"allow":["GET"]}}],"collection":[{"href":"https:\/\/linitiative.ca\/International\/wp-json\/wp\/v2\/posts"}],"about":[{"href":"https:\/\/linitiative.ca\/International\/wp-json\/wp\/v2\/types\/post"}],"author":[{"embeddable":true,"href":"https:\/\/linitiative.ca\/International\/wp-json\/wp\/v2\/users\/1965"}],"replies":[{"embeddable":true,"href":"https:\/\/linitiative.ca\/International\/wp-json\/wp\/v2\/comments?post=91833"}],"version-history":[{"count":0,"href":"https:\/\/linitiative.ca\/International\/wp-json\/wp\/v2\/posts\/91833\/revisions"}],"wp:attachment":[{"href":"https:\/\/linitiative.ca\/International\/wp-json\/wp\/v2\/media?parent=91833"}],"wp:term":[{"taxonomy":"category","embeddable":true,"href":"https:\/\/linitiative.ca\/International\/wp-json\/wp\/v2\/categories?post=91833"},{"taxonomy":"post_tag","embeddable":true,"href":"https:\/\/linitiative.ca\/International\/wp-json\/wp\/v2\/tags?post=91833"}],"curies":[{"name":"wp","href":"https:\/\/api.w.org\/{rel}","templated":true}]}}