{"id":91834,"date":"2020-07-09T15:18:04","date_gmt":"2020-07-09T19:18:04","guid":{"rendered":"https:\/\/linitiative.ca\/International\/covid-19-des-organisations-feminines-pour-un-cessez-le-feu-au-sahel\/"},"modified":"2020-07-09T15:18:04","modified_gmt":"2020-07-09T19:18:04","slug":"covid-19-des-organisations-feminines-pour-un-cessez-le-feu-au-sahel","status":"publish","type":"post","link":"https:\/\/linitiative.ca\/International\/covid-19-des-organisations-feminines-pour-un-cessez-le-feu-au-sahel\/","title":{"rendered":"Covid-19: des organisations f\u00e9minines pour un cessez-le-feu au Sahel"},"content":{"rendered":"<div readability=\"32\">\n<p>Publi\u00e9 le 09.07.2020 \u00e0 20h18 par APA News<\/p>\n<\/div>\n<div readability=\"74\">\n<p>Les mouvements arm\u00e9s op\u00e9rant au Sahel doivent d\u00e9clarer un cessez-le-feu pendant cette p\u00e9riode de pand\u00e9mie de Covid-19, a plaid\u00e9 ce jeudi \u00e0 Dakar, un collectif d\u2019organisations f\u00e9minines de la soci\u00e9t\u00e9 civile de l\u2019Afrique de l\u2019Ouest.\u00ab Nous, organisations et plateforme r\u00e9gionales f\u00e9minines de la soci\u00e9t\u00e9 civile en Afrique de l\u2019Ouest et au Sahel, lan\u00e7ons un cri du c\u0153ur et demandons aux mouvements arm\u00e9s de d\u00e9clarer un cessez-le-feu pendant cette p\u00e9riode de la pand\u00e9mie, d\u2019arr\u00eater les attaques et de s\u2019engager sur la voie de dialogue et de solutions pacifiques \u00bb, \u00e9crit le collectif dans une d\u00e9claration dont APA a obtenu copie.<\/p>\n<p>Ledit collectif est compos\u00e9, entre autres, \u00a0du R\u00e9seau Paix et S\u00e9curit\u00e9 pour les femmes de l\u2019espace CEDEAO (REPSFECO), la Plateforme des femmes du G5 Sahel (PF-G5S), le R\u00e9seau ouest-africain des jeunes femmes leaders (ROAJELF), le R\u00e9seau des femmes du fleuve Mano (REFMAP) Femmes Africa solidarit\u00e9 (FAS), Partners West Africa-S\u00e9n\u00e9gal (PWA) et le Forum des femmes de l\u2019espace S\u00e9n\u00e9gal-Gambie-Guin\u00e9e Bissau.<\/p>\n<p>Ces organisations demandent \u00e9galement \u00ab une cessation imm\u00e9diate et sans condition de ces violences et actes terroristes et le respect du cessez-le-feu pendant cette p\u00e9riode de pand\u00e9mie et \u00e0 mettre la vie, la sant\u00e9 et le bien-\u00eatre des populations au centre des priorit\u00e9s \u00bb.<\/p>\n<p>\u00ab Nous demandons aux Etats de renforcer les mesures s\u00e9curitaires pour la protection des civils, d\u2019\u00e9viter toutes violations des Droits de l\u2019Homme et d\u2019accorder une attention particuli\u00e8re aux femmes, aux jeunes et aux enfants qui constituent les cibles les plus vuln\u00e9rables \u00bb, poursuivent-elles.<\/p>\n<p>Ce faisant, elles invitent \u00ab toutes les parties prenantes \u00e0 engager des discussions sur tous les probl\u00e8mes et revendications en vue d\u2019\u00e9tablir un climat de paix, de confiance et de stabilit\u00e9 \u00bb. A l\u2019Union Africaine, \u00e0 la Cedeao et au G5 Sahel, il est demand\u00e9 d\u2019 \u00abappuyer les initiatives endog\u00e8nes de m\u00e9diation pour atteindre l\u2019objectif de +faire taire les armes+ sur l\u2019ensemble de la r\u00e9gion du Sahel \u00bb.<\/p>\n<\/div>\n<p>Auteur: APA News<br \/>\n<a href=\"https:\/\/www.journalducameroun.com\/covid-19-des-organisations-feminines-pour-un-cessez-le-feu-au-sahel\/\">Cliquez ici pour lire l&rsquo;article depuis sa source.<\/a><\/p>\n","protected":false},"excerpt":{"rendered":"<p>Publi\u00e9 le 09.07.2020 \u00e0 20h18 par APA News Les mouvements arm\u00e9s op\u00e9rant au Sahel doivent d\u00e9clarer un cessez-le-feu pendant cette p\u00e9riode de pand\u00e9mie de Covid-19, a plaid\u00e9 ce jeudi \u00e0 Dakar, un collectif d\u2019organisations f\u00e9minines de la soci\u00e9t\u00e9 civile de l\u2019Afrique de l\u2019Ouest.\u00ab Nous, organisations et plateforme r\u00e9gionales f\u00e9minines de la soci\u00e9t\u00e9 civile en Afrique [&hellip;]<\/p>\n","protected":false},"author":1965,"featured_media":0,"comment_status":"closed","ping_status":"closed","sticky":false,"template":"","format":"standard","meta":{"fifu_image_url":"","fifu_image_alt":"","footnotes":""},"categories":[73,82],"tags":[],"class_list":["post-91834","post","type-post","status-publish","format-standard","hentry","category-actualite","category-cameroun"],"_links":{"self":[{"href":"https:\/\/linitiative.ca\/International\/wp-json\/wp\/v2\/posts\/91834","targetHints":{"allow":["GET"]}}],"collection":[{"href":"https:\/\/linitiative.ca\/International\/wp-json\/wp\/v2\/posts"}],"about":[{"href":"https:\/\/linitiative.ca\/International\/wp-json\/wp\/v2\/types\/post"}],"author":[{"embeddable":true,"href":"https:\/\/linitiative.ca\/International\/wp-json\/wp\/v2\/users\/1965"}],"replies":[{"embeddable":true,"href":"https:\/\/linitiative.ca\/International\/wp-json\/wp\/v2\/comments?post=91834"}],"version-history":[{"count":0,"href":"https:\/\/linitiative.ca\/International\/wp-json\/wp\/v2\/posts\/91834\/revisions"}],"wp:attachment":[{"href":"https:\/\/linitiative.ca\/International\/wp-json\/wp\/v2\/media?parent=91834"}],"wp:term":[{"taxonomy":"category","embeddable":true,"href":"https:\/\/linitiative.ca\/International\/wp-json\/wp\/v2\/categories?post=91834"},{"taxonomy":"post_tag","embeddable":true,"href":"https:\/\/linitiative.ca\/International\/wp-json\/wp\/v2\/tags?post=91834"}],"curies":[{"name":"wp","href":"https:\/\/api.w.org\/{rel}","templated":true}]}}