{"id":91835,"date":"2020-07-09T16:18:06","date_gmt":"2020-07-09T20:18:06","guid":{"rendered":"https:\/\/linitiative.ca\/International\/cote-divoire-les-obseques-damadou-gon-coulibaly-souvrent-la-semaine-prochaine-adama-bictogo\/"},"modified":"2020-07-09T16:18:06","modified_gmt":"2020-07-09T20:18:06","slug":"cote-divoire-les-obseques-damadou-gon-coulibaly-souvrent-la-semaine-prochaine-adama-bictogo","status":"publish","type":"post","link":"https:\/\/linitiative.ca\/International\/cote-divoire-les-obseques-damadou-gon-coulibaly-souvrent-la-semaine-prochaine-adama-bictogo\/","title":{"rendered":"C\u00f4te d\u2019Ivoire: les obs\u00e8ques d\u2019Amadou Gon Coulibaly s\u2019ouvrent la semaine prochaine (Adama Bictogo)"},"content":{"rendered":"<div readability=\"32\">\n<p>Publi\u00e9 le 09.07.2020 \u00e0 21h18 par APA News<\/p>\n<\/div>\n<div readability=\"58\">\n<p>Les obs\u00e8ques d\u2019Amadou Gon Coulibaly, le premier ministre ivoirien d\u00e9c\u00e9d\u00e9 mercredi soir \u00e0 Abidjan, s\u2019ouvrent la semaine prochaine, a annonc\u00e9 jeudi, Adama Bictogo, le directeur ex\u00e9cutif du Rassemblement des Houphou\u00ebtistes pour la d\u00e9mocratie et la paix ( RHDP, pouvoir) au terme d\u2019une r\u00e9union extraordinaire de cette formation politique.\u00ab Nous sommes tous d\u00e9vast\u00e9s et chacun de nous a un peu d\u2019Amadou Gon en lui. Et je voudrais qu\u2019on puisse l\u2019accompagner avec un peu d\u2019amour. La semaine qui s\u2019ouvre est la \u00a0semaine des obs\u00e8ques \u00bb a dit M. Bictogo \u00e0 la presse au terme de cette rencontre.\u00a0<\/p>\n<p>Poursuivant M. Bictogo a promis que malgr\u00e9 cette disparition soudaine \u00a0de son candidat d\u00e9sign\u00e9 pour le scrutin pr\u00e9sidentiel d\u2019octobre prochain, le RHDP \u00ab reste debout\u00bb et ira jusqu\u2019au bout pour gagner cette \u00e9lection.<\/p>\n<p>\u00a0\u00ab (\u2026) Tout en pleurant, nous portons l\u2019espoir de millions d\u2019ivoiriens et le sens de la responsabilit\u00e9 commande et nous impose que nous soyons \u00a0debout. Nous irons au bout et nous allons gagner cette pr\u00e9sidentielle\u00bb, a assur\u00e9 le directeur ex\u00e9cutif du RHDP.\u00a0<\/p>\n<p>Le chef du gouvernement ivoirien Amadou Gon Coulibaly est d\u00e9c\u00e9d\u00e9 mercredi apr\u00e8s-midi \u00e0 Abidjan \u00e0 l\u2019\u00e2ge de 61 ans , moins d\u2019une semaine apr\u00e8s son retour de Paris en France o\u00f9 il a subi une intervention chirurgicale au niveau du coeur. Il avait \u00e9t\u00e9 d\u00e9sign\u00e9 en mars dernier comme le candidat du RHDP pour la pr\u00e9sidentielle d\u2019octobre prochain.<\/p>\n<\/div>\n<p>Auteur: APA News<br \/>\n<a href=\"https:\/\/www.journalducameroun.com\/cote-divoire-les-obseques-damadou-gon-coulibaly-souvrent-la-semaine-prochaine-adama-bictogo\/\">Cliquez ici pour lire l&rsquo;article depuis sa source.<\/a><\/p>\n","protected":false},"excerpt":{"rendered":"<p>Publi\u00e9 le 09.07.2020 \u00e0 21h18 par APA News Les obs\u00e8ques d\u2019Amadou Gon Coulibaly, le premier ministre ivoirien d\u00e9c\u00e9d\u00e9 mercredi soir \u00e0 Abidjan, s\u2019ouvrent la semaine prochaine, a annonc\u00e9 jeudi, Adama Bictogo, le directeur ex\u00e9cutif du Rassemblement des Houphou\u00ebtistes pour la d\u00e9mocratie et la paix ( RHDP, pouvoir) au terme d\u2019une r\u00e9union extraordinaire de cette formation [&hellip;]<\/p>\n","protected":false},"author":1965,"featured_media":0,"comment_status":"closed","ping_status":"closed","sticky":false,"template":"","format":"standard","meta":{"fifu_image_url":"","fifu_image_alt":"","footnotes":""},"categories":[73,82],"tags":[],"class_list":["post-91835","post","type-post","status-publish","format-standard","hentry","category-actualite","category-cameroun"],"_links":{"self":[{"href":"https:\/\/linitiative.ca\/International\/wp-json\/wp\/v2\/posts\/91835","targetHints":{"allow":["GET"]}}],"collection":[{"href":"https:\/\/linitiative.ca\/International\/wp-json\/wp\/v2\/posts"}],"about":[{"href":"https:\/\/linitiative.ca\/International\/wp-json\/wp\/v2\/types\/post"}],"author":[{"embeddable":true,"href":"https:\/\/linitiative.ca\/International\/wp-json\/wp\/v2\/users\/1965"}],"replies":[{"embeddable":true,"href":"https:\/\/linitiative.ca\/International\/wp-json\/wp\/v2\/comments?post=91835"}],"version-history":[{"count":0,"href":"https:\/\/linitiative.ca\/International\/wp-json\/wp\/v2\/posts\/91835\/revisions"}],"wp:attachment":[{"href":"https:\/\/linitiative.ca\/International\/wp-json\/wp\/v2\/media?parent=91835"}],"wp:term":[{"taxonomy":"category","embeddable":true,"href":"https:\/\/linitiative.ca\/International\/wp-json\/wp\/v2\/categories?post=91835"},{"taxonomy":"post_tag","embeddable":true,"href":"https:\/\/linitiative.ca\/International\/wp-json\/wp\/v2\/tags?post=91835"}],"curies":[{"name":"wp","href":"https:\/\/api.w.org\/{rel}","templated":true}]}}