{"id":91837,"date":"2020-07-09T09:02:50","date_gmt":"2020-07-09T13:02:50","guid":{"rendered":"https:\/\/linitiative.ca\/International\/la-revalorisation-des-pensions-va-couter-15-milliards-de-f-a-la-cnps\/"},"modified":"2020-07-09T09:02:50","modified_gmt":"2020-07-09T13:02:50","slug":"la-revalorisation-des-pensions-va-couter-15-milliards-de-f-a-la-cnps","status":"publish","type":"post","link":"https:\/\/linitiative.ca\/International\/la-revalorisation-des-pensions-va-couter-15-milliards-de-f-a-la-cnps\/","title":{"rendered":"La revalorisation des pensions va co\u00fbter 15 milliards de F \u00e0 la CNPS"},"content":{"rendered":"<div class=\"featured-area featured-area-inner\"><img loading=\"lazy\" decoding=\"async\" width=\"1915\" height=\"1047\" src=\"https:\/\/ecomatin.net\/wp-content\/uploads\/2020\/07\/CNPS-1.png\" class=\"attachment-full size-full wp-post-image\" alt=\"\" srcset=\"https:\/\/ecomatin.net\/wp-content\/uploads\/2020\/07\/CNPS-1.png 1915w, https:\/\/ecomatin.net\/wp-content\/uploads\/2020\/07\/CNPS-1-300x164.png 300w, https:\/\/ecomatin.net\/wp-content\/uploads\/2020\/07\/CNPS-1-1024x560.png 1024w, https:\/\/ecomatin.net\/wp-content\/uploads\/2020\/07\/CNPS-1-768x420.png 768w, https:\/\/ecomatin.net\/wp-content\/uploads\/2020\/07\/CNPS-1-1536x840.png 1536w, https:\/\/ecomatin.net\/wp-content\/uploads\/2020\/07\/CNPS-1-1320x722.png 1320w\" sizes=\"auto, (max-width: 1915px) 100vw, 1915px\" data-attachment-id=\"16947\" data-permalink=\"https:\/\/ecomatin.net\/emission-de-titres-publics-le-cameroun-veut-mobiliser-110-milliards-de-f-cfa-au-3e-trimestre\/cnps-1\/\" data-orig-file=\"https:\/\/ecomatin.net\/wp-content\/uploads\/2020\/07\/CNPS-1.png\" data-orig-size=\"1915,1047\" data-comments-opened=\"0\" data-image-meta=\"{&quot;aperture&quot;:&quot;0&quot;,&quot;credit&quot;:&quot;&quot;,&quot;camera&quot;:&quot;&quot;,&quot;caption&quot;:&quot;&quot;,&quot;created_timestamp&quot;:&quot;0&quot;,&quot;copyright&quot;:&quot;&quot;,&quot;focal_length&quot;:&quot;0&quot;,&quot;iso&quot;:&quot;0&quot;,&quot;shutter_speed&quot;:&quot;0&quot;,&quot;title&quot;:&quot;&quot;,&quot;orientation&quot;:&quot;0&quot;}\" data-image-title=\"CNPS (1)\" data-image-description=\"\" data-medium-file=\"https:\/\/ecomatin.net\/wp-content\/uploads\/2020\/07\/CNPS-1-300x164.png\" data-large-file=\"https:\/\/ecomatin.net\/wp-content\/uploads\/2020\/07\/CNPS-1-1024x560.png\"\/><\/div>\n<div class=\"entry-content entry clearfix\" readability=\"31.425339366516\">\n<p>Apr\u00e8s le d\u00e9cret pr\u00e9sidentiel du 3 juillet 2020 portant rel\u00e8vement de l\u2019\u00e2ge de d\u00e9part \u00e0 la retraite des fonctionnaires des corps de la sant\u00e9 publique \u00e0 60 ans pour le personnel des cat\u00e9gories A et B, et \u00e0 55 ans pour le personnel des cat\u00e9gories C et D, le Pr\u00e9sident de la R\u00e9publique a sign\u00e9 ce 8 juillet 2020, un d\u00e9cret fixant le coefficient de revalorisation de certaines pensions de vieillesse, d\u2019invalidit\u00e9 et de d\u00e9c\u00e8s pay\u00e9es par la Caisse nationale de pr\u00e9voyance sociale (Cnps). La mesure pr\u00e9sidentielle intervient apr\u00e8s avis de la commission nationale consultative du travail du 17 octobre 2017. A compter du 1er ao\u00fbt 2020, \u00ables pensions de vieillesse, d\u2019invalidit\u00e9 et de d\u00e9c\u00e8s, en vigueur au 31 mars 2017, sont revaloris\u00e9es d\u2019un coefficient \u00a0de 20%\u00bb.<\/p>\n<p>D\u2019apr\u00e8s le Directeur g\u00e9n\u00e9ral de la Cnps, \u00able Pr\u00e9sident de la R\u00e9publique a simplement tenu parole \u00e0 l\u2019endroit des pensionnaires qui n\u2019avaient pas b\u00e9n\u00e9fici\u00e9 de l\u2019augmentation automatique cons\u00e9cutive \u00e0 la r\u00e9forme de 2016 qui pr\u00e9voyait une augmentation substantielle de leurs pensions\u00bb. Plus de 100.000 pensionnaires sont b\u00e9n\u00e9ficiaires du d\u00e9cret du 8 juillet 2020. Le nouveau r\u00e9gime de cotisation entr\u00e9e en vigueur en 2016 avait en effet ent\u00e9rin\u00e9 une augmentation du taux de cotisation. Ce qui entra\u00eene automatiquement un rel\u00e8vement des pensions: \u00ables travailleurs qui b\u00e9n\u00e9ficiaient d\u00e9j\u00e0 de leurs pensions qui ne contribuaient pas au nouveau syst\u00e8me avaient leurs pensions fig\u00e9. Ce sont ceux-l\u00e0 qui b\u00e9n\u00e9ficient du d\u00e9cret\u00bb, a-t-il ajout\u00e9.\u00a0Alain No\u00ebl Mekoulou Mvondo confirme l\u2019effectivit\u00e9 de l\u2019augmentation de 20% d\u00e8s le mois 1<sup>er<\/sup>\u00a0ao\u00fbt. \u00abC\u2019est soutenable\u00a0! Nous y sommes pr\u00e9par\u00e9s \u00bb a-t-il d\u00e9clar\u00e9 sur les antennes de la Crtv Radio. La Caisse nationale de pr\u00e9voyance sociale devra d\u00e9bourser une enveloppe suppl\u00e9mentaire de 15 milliards de FCFA pour mettre en \u0153uvre cette revalorisation, apprends-t-on du Dg.\u00a0<\/p>\n<div class=\"awac-wrapper awac widget posts-list-widget-11\">\n<h4 class=\"widget-title\">Le plus r\u00e9cent<\/h4>\n<\/div>\n<\/div>\n<p>Auteur: Eco Matin<br \/>\n<a href=\"https:\/\/ecomatin.net\/cnps-revalorisation-de-20-pour-les-pensionnaires\/\">Cliquez ici pour lire l&rsquo;article depuis sa source.<\/a><\/p>\n","protected":false},"excerpt":{"rendered":"<p>Apr\u00e8s le d\u00e9cret pr\u00e9sidentiel du 3 juillet 2020 portant rel\u00e8vement de l\u2019\u00e2ge de d\u00e9part \u00e0 la retraite des fonctionnaires des corps de la sant\u00e9 publique \u00e0 60 ans pour le personnel des cat\u00e9gories A et B, et \u00e0 55 ans pour le personnel des cat\u00e9gories C et D, le Pr\u00e9sident de la R\u00e9publique a sign\u00e9 [&hellip;]<\/p>\n","protected":false},"author":1969,"featured_media":91838,"comment_status":"closed","ping_status":"closed","sticky":false,"template":"","format":"standard","meta":{"fifu_image_url":"","fifu_image_alt":"","footnotes":""},"categories":[82,78],"tags":[],"class_list":["post-91837","post","type-post","status-publish","format-standard","has-post-thumbnail","hentry","category-cameroun","category-economie"],"_links":{"self":[{"href":"https:\/\/linitiative.ca\/International\/wp-json\/wp\/v2\/posts\/91837","targetHints":{"allow":["GET"]}}],"collection":[{"href":"https:\/\/linitiative.ca\/International\/wp-json\/wp\/v2\/posts"}],"about":[{"href":"https:\/\/linitiative.ca\/International\/wp-json\/wp\/v2\/types\/post"}],"author":[{"embeddable":true,"href":"https:\/\/linitiative.ca\/International\/wp-json\/wp\/v2\/users\/1969"}],"replies":[{"embeddable":true,"href":"https:\/\/linitiative.ca\/International\/wp-json\/wp\/v2\/comments?post=91837"}],"version-history":[{"count":0,"href":"https:\/\/linitiative.ca\/International\/wp-json\/wp\/v2\/posts\/91837\/revisions"}],"wp:featuredmedia":[{"embeddable":true,"href":"https:\/\/linitiative.ca\/International\/wp-json\/"}],"wp:attachment":[{"href":"https:\/\/linitiative.ca\/International\/wp-json\/wp\/v2\/media?parent=91837"}],"wp:term":[{"taxonomy":"category","embeddable":true,"href":"https:\/\/linitiative.ca\/International\/wp-json\/wp\/v2\/categories?post=91837"},{"taxonomy":"post_tag","embeddable":true,"href":"https:\/\/linitiative.ca\/International\/wp-json\/wp\/v2\/tags?post=91837"}],"curies":[{"name":"wp","href":"https:\/\/api.w.org\/{rel}","templated":true}]}}