{"id":91845,"date":"2020-07-09T13:34:02","date_gmt":"2020-07-09T17:34:02","guid":{"rendered":"https:\/\/linitiative.ca\/International\/cout-de-vie-yaounde-9eme-ville-la-plus-chere-dafrique\/"},"modified":"2020-07-09T13:34:02","modified_gmt":"2020-07-09T17:34:02","slug":"cout-de-vie-yaounde-9eme-ville-la-plus-chere-dafrique","status":"publish","type":"post","link":"https:\/\/linitiative.ca\/International\/cout-de-vie-yaounde-9eme-ville-la-plus-chere-dafrique\/","title":{"rendered":"Co\u00fbt de vie : Yaound\u00e9, 9eme ville la plus ch\u00e8re d\u2019Afrique"},"content":{"rendered":"<div class=\"featured-area featured-area-inner\"><img loading=\"lazy\" decoding=\"async\" width=\"780\" height=\"470\" src=\"https:\/\/ecomatin.net\/wp-content\/uploads\/2020\/07\/ecomatin.net-cout-de-vie-yaounde-52e-ville-la-plus-chere-au-monde-yaounde-new-780x470-1.jpg\" class=\"attachment-full size-full wp-post-image\" alt=\"\" srcset=\"https:\/\/ecomatin.net\/wp-content\/uploads\/2020\/07\/ecomatin.net-cout-de-vie-yaounde-52e-ville-la-plus-chere-au-monde-yaounde-new-780x470-1.jpg 780w, https:\/\/ecomatin.net\/wp-content\/uploads\/2020\/07\/ecomatin.net-cout-de-vie-yaounde-52e-ville-la-plus-chere-au-monde-yaounde-new-780x470-1-300x181.jpg 300w, https:\/\/ecomatin.net\/wp-content\/uploads\/2020\/07\/ecomatin.net-cout-de-vie-yaounde-52e-ville-la-plus-chere-au-monde-yaounde-new-780x470-1-768x463.jpg 768w\" sizes=\"auto, (max-width: 780px) 100vw, 780px\" data-attachment-id=\"16966\" data-permalink=\"https:\/\/ecomatin.net\/cout-de-vie-yaounde-9eme-ville-la-plus-chere-dafrique\/ecomatin-net-cout-de-vie-yaounde-52e-ville-la-plus-chere-au-monde-yaounde-new-780x470\/\" data-orig-file=\"https:\/\/ecomatin.net\/wp-content\/uploads\/2020\/07\/ecomatin.net-cout-de-vie-yaounde-52e-ville-la-plus-chere-au-monde-yaounde-new-780x470-1.jpg\" data-orig-size=\"780,470\" data-comments-opened=\"0\" data-image-meta=\"{&quot;aperture&quot;:&quot;0&quot;,&quot;credit&quot;:&quot;&quot;,&quot;camera&quot;:&quot;&quot;,&quot;caption&quot;:&quot;&quot;,&quot;created_timestamp&quot;:&quot;0&quot;,&quot;copyright&quot;:&quot;&quot;,&quot;focal_length&quot;:&quot;0&quot;,&quot;iso&quot;:&quot;0&quot;,&quot;shutter_speed&quot;:&quot;0&quot;,&quot;title&quot;:&quot;&quot;,&quot;orientation&quot;:&quot;0&quot;}\" data-image-title=\"ecomatin.net-cout-de-vie-yaounde-52e-ville-la-plus-chere-au-monde-yaounde-new-780&#xD7;470\" data-image-description=\"\" data-medium-file=\"https:\/\/ecomatin.net\/wp-content\/uploads\/2020\/07\/ecomatin.net-cout-de-vie-yaounde-52e-ville-la-plus-chere-au-monde-yaounde-new-780x470-1-300x181.jpg\" data-large-file=\"https:\/\/ecomatin.net\/wp-content\/uploads\/2020\/07\/ecomatin.net-cout-de-vie-yaounde-52e-ville-la-plus-chere-au-monde-yaounde-new-780x470-1.jpg\"\/><\/div>\n<div class=\"entry-content entry clearfix\" readability=\"39.980957562568\">\n<p>Cette ann\u00e9e encore, la capitale politique du Cameroun Yaound\u00e9 figure dans le top 10 des villes africaines les plus ch\u00e8res du monde pour les expatri\u00e9s. Selon le classement 2020 des villes les plus ch\u00e8res au monde effectu\u00e9 par le cabinet Mercer, elle occupe le 9<sup>\u00e8me<\/sup>\u00a0rang sur le plan continental contrairement \u00e0 l\u2019ann\u00e9e 2019 o\u00f9 elle \u00e9tait au 8<sup>\u00e8me<\/sup>\u00a0rang, soit le recul d\u2019une place. Le sc\u00e9nario est le m\u00eame pour la ville de Douala. Elle occupe le 13<sup>\u00e8me<\/sup>\u00a0rang, contre le 12<sup>\u00e8me<\/sup>\u00a0en 2019. Sur le mondial ces deux capitales camerounaises si\u00e8gent respectivement au 56<sup>\u00e8me<\/sup>\u00a0et 70<sup>\u00e8me<\/sup>\u00a0rang.<\/p>\n<p><strong>Lire aussi :<\/strong> <a href=\"https:\/\/ecomatin.net\/cout-de-vie-yaounde-52e-ville-la-plus-chere-au-monde\/\">Co\u00fbt de vie\u00a0: Yaound\u00e9, 52<sup>e<\/sup>\u00a0ville la plus ch\u00e8re du monde<\/a><\/p>\n<p>La premi\u00e8re place de ce classement 2020 est occup\u00e9e par la capitale des Seychelles, Victoria qui fait son entr\u00e9e dans le classement. Elle vient ainsi d\u00e9tr\u00f4ner la capitale tchadienne qui l\u2019occupait en 2019 et qui se retrouve \u00e0 la 2<sup>\u00e8me<\/sup>\u00a0place cette ann\u00e9e. Les villes de Kinshasa, Libreville, Lagos et Luanda qui constituait le top 5 de ce classement en 2019 ont aussi r\u00e9gress\u00e9es cette ann\u00e9e. Elles occupent donc le 4<sup>\u00e8me<\/sup>\u00a0rang pour Kinshasa, 7<sup>\u00e8me<\/sup>\u00a0pour Brazzaville, 5<sup>\u00e8me<\/sup>\u00a0pour la capitale gabonaise, 3<sup>\u00e8me<\/sup>\u00a0pour celle du Nig\u00e9ria et le 17<sup>\u00e8me<\/sup>\u00a0pour la capitale angolaise\u00a0 Luanda.<\/p>\n<p>\u00a0Sur les 209 pays impliqu\u00e9s dans cette \u00e9tude, parmi lesquels figurent 42 \u00e9tats africains, il ressort aussi que la capitale tunisienne demeure la ville la moins ch\u00e8re au monde. Le classement r\u00e9alis\u00e9 par Mercer a \u00e9t\u00e9 effectu\u00e9 sur des crit\u00e8res que sont le co\u00fbt du logement, du transport, de l\u2019alimentation, de l\u2019habillement, des articles m\u00e9nagers et le divertissement.<\/p>\n<p><strong>Lire aussi<\/strong> : <a href=\"https:\/\/ecomatin.net\/vie-chere-quand-les-revenus-des-travailleurs-ne-suivent-pas\/\">Vie ch\u00e8re\u00a0: quand les revenus des travailleurs ne suivent pas<\/a><\/p>\n<p>Notons que le cabinet Mercer est un cabinet am\u00e9ricain de conseil en ressources humaines au monde. Il appartient \u00e0 la filiale de l\u2019entreprise Marsh &amp; McLennan Companies.<\/p>\n<div class=\"awac-wrapper awac widget posts-list-widget-11\">\n<h4 class=\"widget-title\">Le plus r\u00e9cent<\/h4>\n<\/div>\n<\/div>\n<p>Auteur: Eco Matin<br \/>\n<a href=\"https:\/\/ecomatin.net\/cout-de-vie-yaounde-9eme-ville-la-plus-chere-dafrique\/\">Cliquez ici pour lire l&rsquo;article depuis sa source.<\/a><\/p>\n","protected":false},"excerpt":{"rendered":"<p>Cette ann\u00e9e encore, la capitale politique du Cameroun Yaound\u00e9 figure dans le top 10 des villes africaines les plus ch\u00e8res du monde pour les expatri\u00e9s. Selon le classement 2020 des villes les plus ch\u00e8res au monde effectu\u00e9 par le cabinet Mercer, elle occupe le 9\u00e8me\u00a0rang sur le plan continental contrairement \u00e0 l\u2019ann\u00e9e 2019 o\u00f9 elle [&hellip;]<\/p>\n","protected":false},"author":1969,"featured_media":91846,"comment_status":"closed","ping_status":"closed","sticky":false,"template":"","format":"standard","meta":{"fifu_image_url":"","fifu_image_alt":"","footnotes":""},"categories":[82,78],"tags":[],"class_list":["post-91845","post","type-post","status-publish","format-standard","has-post-thumbnail","hentry","category-cameroun","category-economie"],"_links":{"self":[{"href":"https:\/\/linitiative.ca\/International\/wp-json\/wp\/v2\/posts\/91845","targetHints":{"allow":["GET"]}}],"collection":[{"href":"https:\/\/linitiative.ca\/International\/wp-json\/wp\/v2\/posts"}],"about":[{"href":"https:\/\/linitiative.ca\/International\/wp-json\/wp\/v2\/types\/post"}],"author":[{"embeddable":true,"href":"https:\/\/linitiative.ca\/International\/wp-json\/wp\/v2\/users\/1969"}],"replies":[{"embeddable":true,"href":"https:\/\/linitiative.ca\/International\/wp-json\/wp\/v2\/comments?post=91845"}],"version-history":[{"count":0,"href":"https:\/\/linitiative.ca\/International\/wp-json\/wp\/v2\/posts\/91845\/revisions"}],"wp:featuredmedia":[{"embeddable":true,"href":"https:\/\/linitiative.ca\/International\/wp-json\/"}],"wp:attachment":[{"href":"https:\/\/linitiative.ca\/International\/wp-json\/wp\/v2\/media?parent=91845"}],"wp:term":[{"taxonomy":"category","embeddable":true,"href":"https:\/\/linitiative.ca\/International\/wp-json\/wp\/v2\/categories?post=91845"},{"taxonomy":"post_tag","embeddable":true,"href":"https:\/\/linitiative.ca\/International\/wp-json\/wp\/v2\/tags?post=91845"}],"curies":[{"name":"wp","href":"https:\/\/api.w.org\/{rel}","templated":true}]}}