{"id":91849,"date":"2020-07-10T10:12:48","date_gmt":"2020-07-10T14:12:48","guid":{"rendered":"https:\/\/linitiative.ca\/International\/issam-kamal-lance-lbaida-le-15-juillet\/"},"modified":"2020-07-10T10:12:48","modified_gmt":"2020-07-10T14:12:48","slug":"issam-kamal-lance-lbaida-le-15-juillet","status":"publish","type":"post","link":"https:\/\/linitiative.ca\/International\/issam-kamal-lance-lbaida-le-15-juillet\/","title":{"rendered":"Issam Kamal lance \u00abL\u2019Ba\u00efda\u00bb le 15 juillet"},"content":{"rendered":"<header>\n<div class=\"entry-post-meta\">\n<div class=\"author-link\">Publi\u00e9 par <a itemprop=\"author\" itemscope=\"\" itemtype=\"https:\/\/schema.org\/Person\" href=\"https:\/\/aujourdhui.ma\/author\/blio\" rel=\"author\"><span itemprop=\"name\">ALM<\/span><\/a><\/div>\n<p>Date\u00a0:<time content=\"2020-07-10T15:12:48+01:00\" class=\"entry-date updated\" datetime=\"2020-07-10T15:12:48+01:00\">juillet 10, 2020<\/time><\/p>\n<div class=\"entry-cat\">dans:<a href=\"https:\/\/aujourdhui.ma\/category\/culture\" rel=\"category tag\">Culture<\/a><\/div>\n<p>4Vues<\/p>\n<\/div>\n<\/header>\n<div class=\"entry-content clearfix\" readability=\"62\"><img decoding=\"async\" class=\"post_layout_5_img\" src=\"http:\/\/aujourdhui.ma\/wp-content\/uploads\/2020\/07\/Kamal-lbaida.jpg\" alt=\"Issam Kamal lance &#xAB;L&#x2019;Ba&#xEF;da&#xBB; le 15 juillet\"\/><\/p>\n<p><span class=\"c5\"><strong>C\u2019est un titre qui m\u00eale la musique rai alg\u00e9rien et sa touche artistique<\/strong><\/span><span id=\"more-350259\"\/><\/p>\n<p>Le chanteur et compositeur Issam Kamal renoue avec la sc\u00e8ne musicale avec plein de nouveaut\u00e9s. Apr\u00e8s le succ\u00e8s de \u00abNoor 3ini\u00bb, premier extrait sorti le 14 f\u00e9vrier dernier, ce musicien s\u2019appr\u00eate \u00e0 lancer un nouvel opus intitul\u00e9 \u00abL\u2019Ba\u00efda\u00bb (la blonde). Il s\u2019agit de son 2 \u00e8me extrait de son album \u00abMagic\u00bb, dont la sortie pr\u00e9vue le 15 juillet sur YouTube et toutes les plateformes de streaming. \u00abCe titre m\u00eale l\u2019h\u00e9ritage de la musique rai alg\u00e9rien et ma touche cr\u00e9ative\u00bb, indique-t-il, en ajoutant que \u00abce single est tourn\u00e9 en vid\u00e9o-clip durant l\u2019hiver dernier en Belgique\u00bb.<\/p>\n<p>Il faut dire que c\u2019est la deuxi\u00e8me fois que ce chanteur chante la musique rai. D\u2019ailleurs, il a collabor\u00e9 avec le roi du rai Khaled dans un duo \u00abDima Labas\u00bb sous la direction du distributeur international \u00abRedouan\u00bb accompagn\u00e9 du groupe Mazagan. Pour rappeler, Issam Kamal a contribu\u00e9 \u00e0 la modernisation de la chanson populaire marocaine en pr\u00e9sentant des Hits comme Ya Labess, Groovawahia, Ayli Ayli, Le7lawa, la vignette\u2026 en solo et avec son ancien groupe Mazagan dont certains membres font une apparition sp\u00e9ciale dans ce nouveau le vid\u00e9oclip. Son premier album, dont le single intitul\u00e9 \u00abDounia\u00bb, a obtenu un succ\u00e8s sans pareil.<\/p>\n<p>Ceci est une adaptation arabe du tube \u00abUne belle histoire\u00bb chef-d\u2019\u0153uvre de Michel Fugain datant des ann\u00e9es 70. D\u2019ailleurs, il a collabor\u00e9 avec des artistes de renomm\u00e9e nationale et internationale tels que Ganga Vibes, Outlandish, Hamid Kasri\u2026<\/p>\n<\/div>\n<p>Auteur: ALM<br \/>\n<a href=\"https:\/\/aujourdhui.ma\/culture\/issam-kamal-lance-lbaida-le-15-juillet\">Cliquez ici pour lire l&rsquo;article depuis sa source.<\/a><\/p>\n","protected":false},"excerpt":{"rendered":"<p>Publi\u00e9 par ALM Date\u00a0:juillet 10, 2020 dans:Culture 4Vues C\u2019est un titre qui m\u00eale la musique rai alg\u00e9rien et sa touche artistique Le chanteur et compositeur Issam Kamal renoue avec la sc\u00e8ne musicale avec plein de nouveaut\u00e9s. Apr\u00e8s le succ\u00e8s de \u00abNoor 3ini\u00bb, premier extrait sorti le 14 f\u00e9vrier dernier, ce musicien s\u2019appr\u00eate \u00e0 lancer un [&hellip;]<\/p>\n","protected":false},"author":1759,"featured_media":91850,"comment_status":"closed","ping_status":"closed","sticky":false,"template":"","format":"standard","meta":{"fifu_image_url":"","fifu_image_alt":"","footnotes":""},"categories":[73,54],"tags":[],"class_list":["post-91849","post","type-post","status-publish","format-standard","has-post-thumbnail","hentry","category-actualite","category-maroc"],"_links":{"self":[{"href":"https:\/\/linitiative.ca\/International\/wp-json\/wp\/v2\/posts\/91849","targetHints":{"allow":["GET"]}}],"collection":[{"href":"https:\/\/linitiative.ca\/International\/wp-json\/wp\/v2\/posts"}],"about":[{"href":"https:\/\/linitiative.ca\/International\/wp-json\/wp\/v2\/types\/post"}],"author":[{"embeddable":true,"href":"https:\/\/linitiative.ca\/International\/wp-json\/wp\/v2\/users\/1759"}],"replies":[{"embeddable":true,"href":"https:\/\/linitiative.ca\/International\/wp-json\/wp\/v2\/comments?post=91849"}],"version-history":[{"count":0,"href":"https:\/\/linitiative.ca\/International\/wp-json\/wp\/v2\/posts\/91849\/revisions"}],"wp:featuredmedia":[{"embeddable":true,"href":"https:\/\/linitiative.ca\/International\/wp-json\/"}],"wp:attachment":[{"href":"https:\/\/linitiative.ca\/International\/wp-json\/wp\/v2\/media?parent=91849"}],"wp:term":[{"taxonomy":"category","embeddable":true,"href":"https:\/\/linitiative.ca\/International\/wp-json\/wp\/v2\/categories?post=91849"},{"taxonomy":"post_tag","embeddable":true,"href":"https:\/\/linitiative.ca\/International\/wp-json\/wp\/v2\/tags?post=91849"}],"curies":[{"name":"wp","href":"https:\/\/api.w.org\/{rel}","templated":true}]}}