{"id":91851,"date":"2020-07-10T10:21:56","date_gmt":"2020-07-10T14:21:56","guid":{"rendered":"https:\/\/linitiative.ca\/International\/anapec-118-308-insertions-dans-le-milieu-professionnel-en-2019\/"},"modified":"2020-07-10T10:21:56","modified_gmt":"2020-07-10T14:21:56","slug":"anapec-118-308-insertions-dans-le-milieu-professionnel-en-2019","status":"publish","type":"post","link":"https:\/\/linitiative.ca\/International\/anapec-118-308-insertions-dans-le-milieu-professionnel-en-2019\/","title":{"rendered":"Anapec :  118.308 insertions dans le milieu professionnel en 2019"},"content":{"rendered":"<header>\n<div class=\"entry-post-meta\">\n<div class=\"author-link\">Publi\u00e9 par <a itemprop=\"author\" itemscope=\"\" itemtype=\"https:\/\/schema.org\/Person\" href=\"https:\/\/aujourdhui.ma\/author\/blio\" rel=\"author\"><span itemprop=\"name\">ALM<\/span><\/a><\/div>\n<p>Date\u00a0:<time content=\"2020-07-10T15:21:56+01:00\" class=\"entry-date updated\" datetime=\"2020-07-10T15:21:56+01:00\">juillet 10, 2020<\/time><\/p>\n<div class=\"entry-cat\">dans:<a href=\"https:\/\/aujourdhui.ma\/category\/emploi\" rel=\"category tag\">Emploi<\/a>, <a href=\"https:\/\/aujourdhui.ma\/category\/une\" rel=\"category tag\">Une<\/a><\/div>\n<p>55Vues<\/p>\n<\/div>\n<\/header>\n<div class=\"entry-content clearfix\" readability=\"67\"><img decoding=\"async\" class=\"post_layout_5_img\" src=\"http:\/\/aujourdhui.ma\/wp-content\/uploads\/2020\/06\/Anapec.jpg\" alt=\"Anapec : 118.308 insertions dans le milieu professionnel en 2019\"\/><\/p>\n<p class=\"c7\"><span class=\"c6\"><strong><span class=\"c5\">Plus de 118.000 chercheurs d\u2019emploi ont \u00e9t\u00e9 ins\u00e9r\u00e9s dans le milieu professionnel dans le cadre des programmes de promotion de l\u2019emploi salari\u00e9 \u00ab\u00a0IDMAJ\u00a0\u00bb et \u00ab\u00a0TAHFIZ\u00a0\u00bb, pilot\u00e9s par l\u2019Agence nationale de promotion de l\u2019emploi et des comp\u00e9tences (ANAPEC).<\/span><\/strong><\/span><span id=\"more-350279\"\/><\/p>\n<p class=\"c7\"><span class=\"c8\">L\u2019annonce a \u00e9t\u00e9 faite par Abdelmouna\u00efm Madani, directeur de l\u2019Agence\u00a0 \u00e0 l\u2019occasion de la tenue de son conseil d\u2019administration vendredi 10 juillet.\u00a0\u00a0<\/span><\/p>\n<p class=\"c9\"><span class=\"c8\">M. Madani a relev\u00e9 qu\u2019en 2019, 118.308 insertions ont \u00e9t\u00e9 r\u00e9alis\u00e9es dans le cadre de ces deux programmes, marquant ainsi un d\u00e9passement des objectifs fix\u00e9s pour 2019 (125%) et une progression de 9% compar\u00e9 \u00e0 2018. Concernant le programme \u00ab\u00a0IDMAJ\u00a0\u00bb, 108.800 insertions ont \u00e9t\u00e9 r\u00e9alis\u00e9es en 2019, dont 15.268 inscrites dans le cadre du placement \u00e0 l\u2019international (soit plus de 6% compar\u00e9 \u00e0 2018). Concernant le programme \u00ab\u00a0TAHFIZ\u00a0\u00bb, le directeur de l\u2019ANAPEC a not\u00e9 que les protocoles de b\u00e9n\u00e9fice de ce programme d\u00e9pos\u00e9s et valid\u00e9s au niveau de l\u2019Agence ont b\u00e9n\u00e9fici\u00e9 \u00e0 9.508 personnes et 3.290 entreprises.<\/span><\/p>\n<p class=\"c9\"><span class=\"c8\">De m\u00eame, il a relev\u00e9 qu\u2019au titre de l\u2019ann\u00e9e 2019, quelque 120.600 chercheurs d\u2019emploi ont b\u00e9n\u00e9fici\u00e9 d\u2019entretiens de positionnement, 78.500 jeunes d\u2019ateliers de recherche d\u2019emploi et pr\u00e8s de 7.200 entreprises du dispositif de contrats d\u2019insertion am\u00e9lior\u00e9s. Abordant la r\u00e9partition par secteurs d\u2019activit\u00e9, le responsable a indiqu\u00e9 que le secteur de l\u2019automobile reste le premier pourvoyeur d\u2019emplois (31%), suivi des nouvelles technologies d\u2019information et de communication notamment avec les offres r\u00e9currentes pour les t\u00e9l\u00e9op\u00e9rateurs (12%).<\/span><\/p>\n<p class=\"c9\"><span class=\"c8\">Par ailleurs, le secteur de l\u2019agriculture, sylviculture et p\u00eache occupe la 4\u00e8me place mais son besoin reste domin\u00e9 par les profils peu qualifi\u00e9s. Concernant les projets d\u2019auto-emploi, M. Madani a mis en avant le lancement d\u2019une mission relative \u00e0 l\u2019enrichissement de l\u2019offre des services \u201cauto-emploi\u201d au profit des porteurs de projets du monde rural et l\u2019\u00e9laboration des termes de r\u00e9f\u00e9rences pour son adaptation aux besoins des porteurs de projets migrants r\u00e9gularis\u00e9s.<\/span><\/p>\n<\/div>\n<p>Auteur: ALM<br \/>\n<a href=\"https:\/\/aujourdhui.ma\/emploi\/anapec-118-308-insertions-dans-le-milieu-professionnel-en-2019\">Cliquez ici pour lire l&rsquo;article depuis sa source.<\/a><\/p>\n","protected":false},"excerpt":{"rendered":"<p>Publi\u00e9 par ALM Date\u00a0:juillet 10, 2020 dans:Emploi, Une 55Vues Plus de 118.000 chercheurs d\u2019emploi ont \u00e9t\u00e9 ins\u00e9r\u00e9s dans le milieu professionnel dans le cadre des programmes de promotion de l\u2019emploi salari\u00e9 \u00ab\u00a0IDMAJ\u00a0\u00bb et \u00ab\u00a0TAHFIZ\u00a0\u00bb, pilot\u00e9s par l\u2019Agence nationale de promotion de l\u2019emploi et des comp\u00e9tences (ANAPEC). L\u2019annonce a \u00e9t\u00e9 faite par Abdelmouna\u00efm Madani, directeur de [&hellip;]<\/p>\n","protected":false},"author":1759,"featured_media":91852,"comment_status":"closed","ping_status":"closed","sticky":false,"template":"","format":"standard","meta":{"fifu_image_url":"","fifu_image_alt":"","footnotes":""},"categories":[73,54],"tags":[],"class_list":["post-91851","post","type-post","status-publish","format-standard","has-post-thumbnail","hentry","category-actualite","category-maroc"],"_links":{"self":[{"href":"https:\/\/linitiative.ca\/International\/wp-json\/wp\/v2\/posts\/91851","targetHints":{"allow":["GET"]}}],"collection":[{"href":"https:\/\/linitiative.ca\/International\/wp-json\/wp\/v2\/posts"}],"about":[{"href":"https:\/\/linitiative.ca\/International\/wp-json\/wp\/v2\/types\/post"}],"author":[{"embeddable":true,"href":"https:\/\/linitiative.ca\/International\/wp-json\/wp\/v2\/users\/1759"}],"replies":[{"embeddable":true,"href":"https:\/\/linitiative.ca\/International\/wp-json\/wp\/v2\/comments?post=91851"}],"version-history":[{"count":0,"href":"https:\/\/linitiative.ca\/International\/wp-json\/wp\/v2\/posts\/91851\/revisions"}],"wp:featuredmedia":[{"embeddable":true,"href":"https:\/\/linitiative.ca\/International\/wp-json\/"}],"wp:attachment":[{"href":"https:\/\/linitiative.ca\/International\/wp-json\/wp\/v2\/media?parent=91851"}],"wp:term":[{"taxonomy":"category","embeddable":true,"href":"https:\/\/linitiative.ca\/International\/wp-json\/wp\/v2\/categories?post=91851"},{"taxonomy":"post_tag","embeddable":true,"href":"https:\/\/linitiative.ca\/International\/wp-json\/wp\/v2\/tags?post=91851"}],"curies":[{"name":"wp","href":"https:\/\/api.w.org\/{rel}","templated":true}]}}