{"id":91853,"date":"2020-07-10T10:40:56","date_gmt":"2020-07-10T14:40:56","guid":{"rendered":"https:\/\/linitiative.ca\/International\/assurance-la-profession-vient-en-aide-aux-intermediaires-fragilises\/"},"modified":"2020-07-10T10:40:56","modified_gmt":"2020-07-10T14:40:56","slug":"assurance-la-profession-vient-en-aide-aux-intermediaires-fragilises","status":"publish","type":"post","link":"https:\/\/linitiative.ca\/International\/assurance-la-profession-vient-en-aide-aux-intermediaires-fragilises\/","title":{"rendered":"Assurance: La profession vient en aide aux interm\u00e9diaires fragilis\u00e9s"},"content":{"rendered":"<header>\n<\/header>\n<div class=\"entry-content clearfix\" readability=\"58\"><img decoding=\"async\" class=\"post_layout_5_img\" src=\"http:\/\/aujourdhui.ma\/wp-content\/uploads\/2019\/09\/Assurance.jpg\" alt=\"Assurance: La profession vient en aide aux interm&#xE9;diaires fragilis&#xE9;s\"\/><\/p>\n<p class=\"c7\"><span class=\"c6\"><strong><span class=\"c5\">Op\u00e9ration de solidarit\u00e9 dans le secteur des assurances.<\/span><\/strong><\/span><span id=\"more-350282\"\/><\/p>\n<p class=\"c7\"><span class=\"c5\">Dans le cadre de la coordination et du dialogue continus entre la FMSAR et la FNACAM, une action de soutien et d\u2019aide aux interm\u00e9diaires les plus fragilis\u00e9s a \u00e9t\u00e9 d\u00e9cid\u00e9e, en concertation avec l\u2019Autorit\u00e9 de Contr\u00f4le des Assurances et de la Pr\u00e9voyance (ACAPS), pour leur permettre de passer cette p\u00e9riode difficile marqu\u00e9e par la crise sanitaire. \u00a0 \u00ab\u00a0Ainsi les deux f\u00e9d\u00e9rations se mobilisent pour venir en aide aux 700 agents et courtiers qui r\u00e9alisent les performances commerciales les plus petites, mesur\u00e9es par leurs chiffres d\u2019affaires.\u00a0 Cette nouvelle mesure d\u2019accompagnement vient s\u2019ajouter aux mesures de soutien du r\u00e9seau de distribution d\u00e9j\u00e0 mises en place depuis le d\u00e9but de l\u2019\u00e9tat d\u2019urgence sanitaire, dont celle qui consiste \u00e0 octroyer un pr\u00eat \u00e0 taux bonifi\u00e9 \u00e9quivalent \u00e0 3 mois de frais g\u00e9n\u00e9raux, plafonn\u00e9 \u00e0 100.000 DH\u00a0\u00bb, apprend-on aupr\u00e8s des responsables.\u00a0<\/span><\/p>\n<p class=\"c7\"><span class=\"c5\">Concr\u00e8tement, cette nouvelle mesure mise en place par la FNACAM et la FMSAR consiste \u00e0 octroyer un don d\u2019un montant forfaitaire de 12.000 DH \u00e0 tout agent ou courtier figurant dans la liste des 700 plus petits interm\u00e9diaires, \u00e0 l\u2019exclusion notamment de ceux qui ont plus de dix ann\u00e9es d\u2019existence et de ceux qui sont en contentieux avec les compagnies avec lesquelles ils collaborent. \u00ab\u00a0Cette subvention sera accord\u00e9e directement par les compagnies d\u2019assurances \u00e0 leurs agents g\u00e9n\u00e9raux qui figurent sur la liste pr\u00e9cit\u00e9e et par la FMSAR via la FNACAM pour les courtiers qui figurent sur cette m\u00eame liste. Cette subvention forfaitaire est destin\u00e9e \u00e0 aider ces interm\u00e9diaires \u00e0 traverser cette p\u00e9riode difficile et \u00e0 leur permettre de continuer \u00e0 assurer la pr\u00e9sentation des op\u00e9rations d\u2019assurances et de d\u00e9livrer le service \u00e0 la client\u00e8le\u00a0\u00bb, pr\u00e9cise la m\u00eame source. A noter que les agents g\u00e9n\u00e9raux concern\u00e9s seront inform\u00e9s directement par leurs mandantes qui se chargeront de leur remettre la subvention d\u2019un montant de 12.000 DH.<\/span><\/p>\n<p class=\"c7\"><span class=\"c5\">Pour leur part, les courtiers concern\u00e9s seront avis\u00e9s directement par la FNACAM qui remettra \u00e0 chacun d\u2019entre eux un ch\u00e8que de la FMSAR d\u2019un montant de 12.000 DH.\u00a0 Un comit\u00e9 de suivi compos\u00e9 des deux f\u00e9d\u00e9rations assurera le pilotage du d\u00e9ploiement du dispositif et veillera \u00e0 son bon d\u00e9roulement.\u00a0\u00a0<\/span><\/p>\n<\/div>\n<p>Auteur: ALM<br \/>\n<a href=\"https:\/\/aujourdhui.ma\/economie\/assurance-la-profession-vient-en-aide-aux-intermediaires-fragilises\">Cliquez ici pour lire l&rsquo;article depuis sa source.<\/a><\/p>\n","protected":false},"excerpt":{"rendered":"<p>Op\u00e9ration de solidarit\u00e9 dans le secteur des assurances. Dans le cadre de la coordination et du dialogue continus entre la FMSAR et la FNACAM, une action de soutien et d\u2019aide aux interm\u00e9diaires les plus fragilis\u00e9s a \u00e9t\u00e9 d\u00e9cid\u00e9e, en concertation avec l\u2019Autorit\u00e9 de Contr\u00f4le des Assurances et de la Pr\u00e9voyance (ACAPS), pour leur permettre de [&hellip;]<\/p>\n","protected":false},"author":1759,"featured_media":91854,"comment_status":"closed","ping_status":"closed","sticky":false,"template":"","format":"standard","meta":{"fifu_image_url":"","fifu_image_alt":"","footnotes":""},"categories":[73,54],"tags":[],"class_list":["post-91853","post","type-post","status-publish","format-standard","has-post-thumbnail","hentry","category-actualite","category-maroc"],"_links":{"self":[{"href":"https:\/\/linitiative.ca\/International\/wp-json\/wp\/v2\/posts\/91853","targetHints":{"allow":["GET"]}}],"collection":[{"href":"https:\/\/linitiative.ca\/International\/wp-json\/wp\/v2\/posts"}],"about":[{"href":"https:\/\/linitiative.ca\/International\/wp-json\/wp\/v2\/types\/post"}],"author":[{"embeddable":true,"href":"https:\/\/linitiative.ca\/International\/wp-json\/wp\/v2\/users\/1759"}],"replies":[{"embeddable":true,"href":"https:\/\/linitiative.ca\/International\/wp-json\/wp\/v2\/comments?post=91853"}],"version-history":[{"count":0,"href":"https:\/\/linitiative.ca\/International\/wp-json\/wp\/v2\/posts\/91853\/revisions"}],"wp:featuredmedia":[{"embeddable":true,"href":"https:\/\/linitiative.ca\/International\/wp-json\/"}],"wp:attachment":[{"href":"https:\/\/linitiative.ca\/International\/wp-json\/wp\/v2\/media?parent=91853"}],"wp:term":[{"taxonomy":"category","embeddable":true,"href":"https:\/\/linitiative.ca\/International\/wp-json\/wp\/v2\/categories?post=91853"},{"taxonomy":"post_tag","embeddable":true,"href":"https:\/\/linitiative.ca\/International\/wp-json\/wp\/v2\/tags?post=91853"}],"curies":[{"name":"wp","href":"https:\/\/api.w.org\/{rel}","templated":true}]}}