{"id":91855,"date":"2020-07-10T10:48:19","date_gmt":"2020-07-10T14:48:19","guid":{"rendered":"https:\/\/linitiative.ca\/International\/incendie-de-foret-le-feu-dourika-maitrise-le-meme-jour-de-sa-declaration\/"},"modified":"2020-07-10T10:48:19","modified_gmt":"2020-07-10T14:48:19","slug":"incendie-de-foret-le-feu-dourika-maitrise-le-meme-jour-de-sa-declaration","status":"publish","type":"post","link":"https:\/\/linitiative.ca\/International\/incendie-de-foret-le-feu-dourika-maitrise-le-meme-jour-de-sa-declaration\/","title":{"rendered":"Incendie de For\u00eat: Le feu d\u2019Ourika ma\u00eetris\u00e9 le m\u00eame jour de sa d\u00e9claration"},"content":{"rendered":"<header>\n<\/header>\n<div class=\"entry-content clearfix\" readability=\"67\"><img decoding=\"async\" class=\"post_layout_5_img\" src=\"https:\/\/aujourdhui.ma\/wp-content\/uploads\/2017\/08\/Incendie-foret.jpg\" alt=\"Incendie de For&#xEA;t: Le feu d&#x2019;Ourika ma&#xEE;tris&#xE9; le m&#xEA;me jour de sa d&#xE9;claration\"\/><\/p>\n<p class=\"c7\"><span class=\"c6\"><strong><span class=\"c5\">Plus de feu de for\u00eat \u00e0 Ourika plus pr\u00e9cis\u00e9ment au lieu-dit \u00abOuaouizght\u00bb relevant de la commune territoriale d\u2019Ourika au niveau de la Province d\u2019Al Haouz.<\/span><\/strong><\/span><span id=\"more-350284\"\/><\/p>\n<p class=\"c7\"><span class=\"c8\">D\u00e9clar\u00e9 mercredi dernier vers 14h, il a \u00e9t\u00e9 ma\u00eetris\u00e9 le jour m\u00eame vers 20h30 comme le pr\u00e9cise la direction r\u00e9gionale des eaux et for\u00eats et de la lutte Contre la d\u00e9sertification du Haut Atlas. \u00ab L\u2019extr\u00eame inflammabilit\u00e9 et densit\u00e9 des essences foresti\u00e8res de la zone (Gen\u00e9vrier oxyc\u00e8dre, ch\u00eane-vert et lentisques), la diminution de l\u2019humidit\u00e9 de l\u2019air et l\u2019augmentation des temp\u00e9ratures qui s\u00e9vissent ces derniers jours au Maroc, combin\u00e9es \u00e0 l\u2019av\u00e8nement des vents secs et chauds de type chergui et au relief tr\u00e8s accident\u00e9, ont contribu\u00e9 significativement \u00e0 la propagation rapide des flammes du feu d\u2019Ourika apr\u00e8s quelques minutes de son \u00e9closion \u00bb, explique la m\u00eame source.<\/span><\/p>\n<p class=\"c7\"><span class=\"c8\">Cela \u00e9tant, le feu a \u00e9t\u00e9 ma\u00eetris\u00e9 de par la mobilisation du D\u00e9partement des Eaux et For\u00eats, la Protection Civile, les Forces Auxiliaires, la Gendarmerie Royale, les Autorit\u00e9s Provinciales et Locales, appuy\u00e9s par 2 avions canadairs des Forces Royales Air et \u00e9galement par la population locale. \u00ab Malgr\u00e9 les conditions climatiques et orographiques difficiles, les \u00e9quipes d\u2019interventions ont su ma\u00eetriser avec professionnalisme l\u2019incendie apr\u00e8s 06h00 de lutte,sur une superficie endommag\u00e9e de 17 hectares.<\/span><\/p>\n<p class=\"c7\"><span class=\"c8\">En effet, un d\u00e9sastre \u00e9cologique a \u00e9t\u00e9 \u00e9vit\u00e9e de justesse. Les d\u00e9g\u00e2ts auraient d\u00fb \u00eatre plus grave que ce bilan, parce que la superficie foresti\u00e8re globale qui \u00e9tait \u00e0 risque est de l\u2019ordre de 1500 hectares. Aussi, aucune victime, ni perte des biens de la population ne sont \u00e0 d\u00e9plorer dans cet incident \u00bb, ajoute la direction.<\/span><\/p>\n<\/div>\n<p>Auteur: ALM<br \/>\n<a href=\"https:\/\/aujourdhui.ma\/regions\/incendie-de-foret-le-feu-dourika-maitrise-le-meme-jour-de-sa-declaration\">Cliquez ici pour lire l&rsquo;article depuis sa source.<\/a><\/p>\n","protected":false},"excerpt":{"rendered":"<p>Plus de feu de for\u00eat \u00e0 Ourika plus pr\u00e9cis\u00e9ment au lieu-dit \u00abOuaouizght\u00bb relevant de la commune territoriale d\u2019Ourika au niveau de la Province d\u2019Al Haouz. D\u00e9clar\u00e9 mercredi dernier vers 14h, il a \u00e9t\u00e9 ma\u00eetris\u00e9 le jour m\u00eame vers 20h30 comme le pr\u00e9cise la direction r\u00e9gionale des eaux et for\u00eats et de la lutte Contre la [&hellip;]<\/p>\n","protected":false},"author":1759,"featured_media":91856,"comment_status":"closed","ping_status":"closed","sticky":false,"template":"","format":"standard","meta":{"fifu_image_url":"","fifu_image_alt":"","footnotes":""},"categories":[73,54],"tags":[],"class_list":["post-91855","post","type-post","status-publish","format-standard","has-post-thumbnail","hentry","category-actualite","category-maroc"],"_links":{"self":[{"href":"https:\/\/linitiative.ca\/International\/wp-json\/wp\/v2\/posts\/91855","targetHints":{"allow":["GET"]}}],"collection":[{"href":"https:\/\/linitiative.ca\/International\/wp-json\/wp\/v2\/posts"}],"about":[{"href":"https:\/\/linitiative.ca\/International\/wp-json\/wp\/v2\/types\/post"}],"author":[{"embeddable":true,"href":"https:\/\/linitiative.ca\/International\/wp-json\/wp\/v2\/users\/1759"}],"replies":[{"embeddable":true,"href":"https:\/\/linitiative.ca\/International\/wp-json\/wp\/v2\/comments?post=91855"}],"version-history":[{"count":0,"href":"https:\/\/linitiative.ca\/International\/wp-json\/wp\/v2\/posts\/91855\/revisions"}],"wp:featuredmedia":[{"embeddable":true,"href":"https:\/\/linitiative.ca\/International\/wp-json\/"}],"wp:attachment":[{"href":"https:\/\/linitiative.ca\/International\/wp-json\/wp\/v2\/media?parent=91855"}],"wp:term":[{"taxonomy":"category","embeddable":true,"href":"https:\/\/linitiative.ca\/International\/wp-json\/wp\/v2\/categories?post=91855"},{"taxonomy":"post_tag","embeddable":true,"href":"https:\/\/linitiative.ca\/International\/wp-json\/wp\/v2\/tags?post=91855"}],"curies":[{"name":"wp","href":"https:\/\/api.w.org\/{rel}","templated":true}]}}