{"id":91857,"date":"2020-07-10T10:40:38","date_gmt":"2020-07-10T14:40:38","guid":{"rendered":"https:\/\/linitiative.ca\/International\/abdelilah-amzil-nouveau-president-de-la-mna\/"},"modified":"2020-07-10T10:40:38","modified_gmt":"2020-07-10T14:40:38","slug":"abdelilah-amzil-nouveau-president-de-la-mna","status":"publish","type":"post","link":"https:\/\/linitiative.ca\/International\/abdelilah-amzil-nouveau-president-de-la-mna\/","title":{"rendered":"Abdelilah Amzil, nouveau pr\u00e9sident de la MNA"},"content":{"rendered":"<p class=\"c2\"><strong>Mohamed Nait Youssef<\/strong><\/p>\n<p class=\"has-text-color c3\"><strong>Il est 17h30. Au si\u00e8ge de la mutuelle nationale des artistes (MNA), situ\u00e9 \u00e0 l\u2019venue Mers Sultan \u00e0 Casablanca, un point de presse a eu lieu, jeudi 9 juillet, pour pr\u00e9senter le nouveau pr\u00e9sident de la MNA, Abdelilah Amzil, fra\u00eechement \u00e9lu lors d\u2019une assembl\u00e9e g\u00e9n\u00e9rale extraordinaire urgente tenue le 4 juillet 2020. En effet, cette conf\u00e9rence de presse a \u00e9t\u00e9 une occasion idoine pour mettre un \u00e9clairage sur la situation et l\u2019\u00e9tat de sant\u00e9 de cette soci\u00e9t\u00e9 mutualiste.<\/strong><\/p>\n<div class=\"wp-block-image\"><img loading=\"lazy\" decoding=\"async\" src=\"http:\/\/albayane.press.ma\/wp-content\/uploads\/ouv13333.jpg\" alt=\"\" class=\"wp-image-92612\" width=\"573\" height=\"338\"\/><\/div>\n<p>\u00abCe point de presse a \u00e9t\u00e9 organis\u00e9 pour braquer les lumi\u00e8res sur ce qui se passe \u00e0 la Mutuelle nationale des artistes et pour communiquer sur le nouveau pr\u00e9sident qui a \u00e9t\u00e9 \u00e9lu dans une assembl\u00e9e g\u00e9n\u00e9rale extraordinaire urgente. L\u2019assembl\u00e9e g\u00e9n\u00e9rale a \u00e9t\u00e9 organis\u00e9e sur la demande des membres du conseil d\u2019administration comme stipule l\u2019article 9 du statut de la mutuelle\u00bb, nous explique le nouveau pr\u00e9sident \u00e0 l\u2019issue.<\/p>\n<p>Selon ses dires, la mutuelle \u00e9tait dans une impasse notamment avec certains membres qui ont \u00e9t\u00e9 \u00e9loign\u00e9s de la direction et du conseil.<\/p>\n<p>Toutefois, il faut le dire d\u2019ailleurs, ce qui s\u2019est pass\u00e9 \u00e0 la MNA, une histoire digne d\u2019un roman voire d\u2019un film d\u2019action.<\/p>\n<p>\u00abCes membres \u00e9cart\u00e9s se sont rassembl\u00e9s en \u00e9quipe pour faire un assaut pendant le confinement. Ils ont pris en otage tout le si\u00e8ge de la mutuelle nationale des artistes.\u00a0Par ailleurs, les membres du bureau sont venus pour ouvrir la voie du dialogue avec ces membres l\u00e0 qui disaient qu\u2019ils ont des documents juridiques pour rentrer au si\u00e8ge. Mais il s\u2019est av\u00e9r\u00e9 qu\u2019ils n\u2019ont rien et qu\u2019ils ont pris l\u2019ex-pr\u00e9sident de la mutuelle Haj Youness qui \u00e9tait en conflit avec un membre de l\u2019administration (le directeur). En outre,\u00a0 ces gens l\u00e0 ont utilis\u00e9 ce conflit l\u00e0 pour signer un certain nombre de\u00a0 documents. Et ce n\u2019est pas tout\u00a0! Ils ont cr\u00e9\u00e9 un bureau imaginaire\u00bb, affirme Abdelilah Amzil.<\/p>\n<p>Avec ce bureau, a-t-il ajout\u00e9, ils ont fait pas mal de d\u00e9g\u00e2ts. \u00abIl y a des dossiers qui sont suivis au niveau du tribunal dans ce sens l\u00e0\u00bb, pr\u00e9cise-t-il.<\/p>\n<p>Durant cette p\u00e9riode du conflit, les membres du bureau ont opt\u00e9 pour la voie juridique au lieu des sorties m\u00e9diatiques dans la presse ou dans les r\u00e9seaux sociaux.<\/p>\n<p>\u00abOn ne voulait pas influencer le tribunal. Or, nous avons opt\u00e9 pour la voie juridique et nous tenons \u00e0 la suivre jusqu\u2019au bout parce que nous sommes convaincus que la justice r\u00e9glera le probl\u00e8me. C\u2019est pour cette raison qu\u2019on n\u2019a pas communiqu\u00e9 sur cette situation et ces conflits. Aujourd\u2019hui, les choses\u00a0 deviennent plus claires\u00bb, pr\u00e9cise Abdelilah Amzil.<\/p>\n<p>Alors que les choses sont plus claires aujourd\u2019hui, le nouveau pr\u00e9sident ainsi que son bureau auront certainement du pain sur la planche et de grands chantiers \u00e0 la fois juridiques et sociaux \u00e0 g\u00e9rer avant la tenue du deuxi\u00e8me congr\u00e8s qui\u00a0 aura lieu en d\u00e9cembre.<\/p>\n<p>\u00abPour se pencher sur certains dossiers et chantiers, il faut d\u2019abord \u00eatre stable. L\u2019organisme n\u2019est pas encore stable parce qu\u2019il y a ces membres \u00e9loign\u00e9s qui communiquent avec des mensonges sur des faits qui ne sont pas r\u00e9els. Donc, le vrai bureau s\u2019est retrouv\u00e9 en train de g\u00e9rer les faux probl\u00e8mes au lieu de se pr\u00e9parer au \u00a0congr\u00e8s\u00bb, a-t-il soulign\u00e9. Et d\u2019ajouter:\u00a0\u00abC\u2019est pour cela que les membres du conseil d\u2019administration ont demand\u00e9 une assembl\u00e9e g\u00e9n\u00e9rale extraordinaire pour \u00e9lire un nouveau pr\u00e9sident\u00a0 qui\u00a0 remplace l\u2019ex-pr\u00e9sident qui avait dimensionn\u00e9 au mois de janvier. On \u00a0avait un vide juridique, et il fallait le combler afin de passer aux choses s\u00e9rieuses\u00bb, a-t-il fait savoir.<\/p>\n<p>Auteur: M&rsquo;hammed rahal<br \/>\n<a href=\"http:\/\/albayane.press.ma\/abdelilah-amzil-nouveau-president-de-la-mna.html\">Cliquez ici pour lire l&rsquo;article depuis sa source.<\/a><\/p>\n","protected":false},"excerpt":{"rendered":"<p>Mohamed Nait Youssef Il est 17h30. Au si\u00e8ge de la mutuelle nationale des artistes (MNA), situ\u00e9 \u00e0 l\u2019venue Mers Sultan \u00e0 Casablanca, un point de presse a eu lieu, jeudi 9 juillet, pour pr\u00e9senter le nouveau pr\u00e9sident de la MNA, Abdelilah Amzil, fra\u00eechement \u00e9lu lors d\u2019une assembl\u00e9e g\u00e9n\u00e9rale extraordinaire urgente tenue le 4 juillet 2020. [&hellip;]<\/p>\n","protected":false},"author":1760,"featured_media":91858,"comment_status":"closed","ping_status":"closed","sticky":false,"template":"","format":"standard","meta":{"fifu_image_url":"","fifu_image_alt":"","footnotes":""},"categories":[73,54],"tags":[],"class_list":["post-91857","post","type-post","status-publish","format-standard","has-post-thumbnail","hentry","category-actualite","category-maroc"],"_links":{"self":[{"href":"https:\/\/linitiative.ca\/International\/wp-json\/wp\/v2\/posts\/91857","targetHints":{"allow":["GET"]}}],"collection":[{"href":"https:\/\/linitiative.ca\/International\/wp-json\/wp\/v2\/posts"}],"about":[{"href":"https:\/\/linitiative.ca\/International\/wp-json\/wp\/v2\/types\/post"}],"author":[{"embeddable":true,"href":"https:\/\/linitiative.ca\/International\/wp-json\/wp\/v2\/users\/1760"}],"replies":[{"embeddable":true,"href":"https:\/\/linitiative.ca\/International\/wp-json\/wp\/v2\/comments?post=91857"}],"version-history":[{"count":0,"href":"https:\/\/linitiative.ca\/International\/wp-json\/wp\/v2\/posts\/91857\/revisions"}],"wp:featuredmedia":[{"embeddable":true,"href":"https:\/\/linitiative.ca\/International\/wp-json\/"}],"wp:attachment":[{"href":"https:\/\/linitiative.ca\/International\/wp-json\/wp\/v2\/media?parent=91857"}],"wp:term":[{"taxonomy":"category","embeddable":true,"href":"https:\/\/linitiative.ca\/International\/wp-json\/wp\/v2\/categories?post=91857"},{"taxonomy":"post_tag","embeddable":true,"href":"https:\/\/linitiative.ca\/International\/wp-json\/wp\/v2\/tags?post=91857"}],"curies":[{"name":"wp","href":"https:\/\/api.w.org\/{rel}","templated":true}]}}