{"id":91859,"date":"2020-07-10T10:55:47","date_gmt":"2020-07-10T14:55:47","guid":{"rendered":"https:\/\/linitiative.ca\/International\/mahi-binebine-giosue-calaciura-souad-labbize-boycottent-la-ceremonie-de-remise%ef%bb%bf\/"},"modified":"2020-07-10T10:55:47","modified_gmt":"2020-07-10T14:55:47","slug":"mahi-binebine-giosue-calaciura-souad-labbize-boycottent-la-ceremonie-de-remise%ef%bb%bf","status":"publish","type":"post","link":"https:\/\/linitiative.ca\/International\/mahi-binebine-giosue-calaciura-souad-labbize-boycottent-la-ceremonie-de-remise%ef%bb%bf\/","title":{"rendered":"Mahi Binebine, Giosu\u00e8 Calaciura, Souad Labbize boycottent  la c\u00e9r\u00e9monie de remise\ufeff"},"content":{"rendered":"<p class=\"has-text-color has-vivid-red-color c2\"><strong>Prix M\u00e9diterran\u00e9e 2020<\/strong><\/p>\n<p class=\"c3\"><strong>M.N.Y<\/strong><\/p>\n<p class=\"has-text-color has-vivid-cyan-blue-color\"><strong>\u00abNous n\u2019assisterons pas \u00e0 la c\u00e9r\u00e9monie de remise des Prix M\u00e9diterran\u00e9e 2020\u00bb, c\u2019est avec ces mots que les \u00e9crivains \u00e0 savoir Mahi Binebine (Rue du Pardon, Stock. Prix M\u00e9diterran\u00e9e 2020), Giosu\u00e8 Calaciura (Borgo Vecchio, Notabilia. Prix M\u00e9diterran\u00e9e \u00e9tranger 2020), Souad Labbize (Je franchis les barbel\u00e9s, Bruno Doucey. Prix M\u00e9diterran\u00e9e po\u00e9sie 2020) ont annonc\u00e9 leur d\u00e9clination de l\u2019invitation des organisateurs\u00a0 \u00e0 assister \u00e0 la c\u00e9r\u00e9monie de remise des prix.<\/strong><\/p>\n<p>\u00abLe Prix M\u00e9diterran\u00e9e nous a honor\u00e9s lors de son palmar\u00e8s 2020. Une telle distinction nous a personnellement r\u00e9jouis venant d\u2019une institution fond\u00e9e par les d\u00e9fenseurs d\u2019une certaine id\u00e9e de l\u2019espace m\u00e9diterran\u00e9en, notre mare nostrum, et \u00abdes diversit\u00e9s fondatrices de son identit\u00e9\u00bb.<\/p>\n<p>Or, dans la situation politique actuelle \u00e0 Perpignan, les turbulences que traverse le Centre m\u00e9diterran\u00e9en de litt\u00e9rature (CML), organisateur de ce prix parrain\u00e9 par la ville, nous am\u00e8nent \u00e0 d\u00e9cliner l\u2019invitation \u00e0 assister \u00e0 la c\u00e9r\u00e9monie de remise des prix pr\u00e9vue le 3 octobre prochain. \u00bb, peut-on lire dans un communiqu\u00e9 publi\u00e9\u00a0 par Mahi Binebine sur sa page facebook. Quelles sont alors les vraies raisons de ce retrait?<\/p>\n<p>Les trois plumes ont soulign\u00e9 que cette discision est due au refus de \u00ab\u00a0l\u2019instrumentalisation de la culture \u00e0 des fins id\u00e9ologiques ou politiques\u00bb.<\/p>\n<p>\u00abCette d\u00e9cision est motiv\u00e9e par notre souhait d\u2019\u00e9viter tout amalgame et toute r\u00e9cup\u00e9ration ou instrumentalisation de la culture \u00e0 des fins id\u00e9ologiques ou politiques. En ces moments d\u2019incertitude, et plus que jamais, l\u2019hospitalit\u00e9, le vivre ensemble et la bienveillance n\u2019ont pas de prix. Ou plut\u00f4t si, celui de l\u2019engagement et de la solidarit\u00e9\u00bb, pr\u00e9cise la m\u00eame source.<\/p>\n<p>Et d\u2019ajouter : \u00ab par notre refus, nous souhaitons \u00e9veiller les consciences face aux id\u00e9ologies du rejet et du repli sur soi. En cela, nous restons fid\u00e8les \u00e0 l\u2019\u00e9thique, aux principes et aux valeurs qui nous habitent et qui, nous l\u2019esp\u00e9rons, traversent nos \u0153uvres respectives\u00bb.<\/p>\n<p>Auteur: M&rsquo;hammed rahal<br \/>\n<a href=\"http:\/\/albayane.press.ma\/mahi-binebine-giosue-calaciura-souad-labbize-boycottent-la-ceremonie-de-remise%EF%BB%BF.html\">Cliquez ici pour lire l&rsquo;article depuis sa source.<\/a><\/p>\n","protected":false},"excerpt":{"rendered":"<p>Prix M\u00e9diterran\u00e9e 2020 M.N.Y \u00abNous n\u2019assisterons pas \u00e0 la c\u00e9r\u00e9monie de remise des Prix M\u00e9diterran\u00e9e 2020\u00bb, c\u2019est avec ces mots que les \u00e9crivains \u00e0 savoir Mahi Binebine (Rue du Pardon, Stock. Prix M\u00e9diterran\u00e9e 2020), Giosu\u00e8 Calaciura (Borgo Vecchio, Notabilia. Prix M\u00e9diterran\u00e9e \u00e9tranger 2020), Souad Labbize (Je franchis les barbel\u00e9s, Bruno Doucey. Prix M\u00e9diterran\u00e9e po\u00e9sie 2020) [&hellip;]<\/p>\n","protected":false},"author":1760,"featured_media":0,"comment_status":"closed","ping_status":"closed","sticky":false,"template":"","format":"standard","meta":{"fifu_image_url":"","fifu_image_alt":"","footnotes":""},"categories":[73,54],"tags":[],"class_list":["post-91859","post","type-post","status-publish","format-standard","hentry","category-actualite","category-maroc"],"_links":{"self":[{"href":"https:\/\/linitiative.ca\/International\/wp-json\/wp\/v2\/posts\/91859","targetHints":{"allow":["GET"]}}],"collection":[{"href":"https:\/\/linitiative.ca\/International\/wp-json\/wp\/v2\/posts"}],"about":[{"href":"https:\/\/linitiative.ca\/International\/wp-json\/wp\/v2\/types\/post"}],"author":[{"embeddable":true,"href":"https:\/\/linitiative.ca\/International\/wp-json\/wp\/v2\/users\/1760"}],"replies":[{"embeddable":true,"href":"https:\/\/linitiative.ca\/International\/wp-json\/wp\/v2\/comments?post=91859"}],"version-history":[{"count":0,"href":"https:\/\/linitiative.ca\/International\/wp-json\/wp\/v2\/posts\/91859\/revisions"}],"wp:attachment":[{"href":"https:\/\/linitiative.ca\/International\/wp-json\/wp\/v2\/media?parent=91859"}],"wp:term":[{"taxonomy":"category","embeddable":true,"href":"https:\/\/linitiative.ca\/International\/wp-json\/wp\/v2\/categories?post=91859"},{"taxonomy":"post_tag","embeddable":true,"href":"https:\/\/linitiative.ca\/International\/wp-json\/wp\/v2\/tags?post=91859"}],"curies":[{"name":"wp","href":"https:\/\/api.w.org\/{rel}","templated":true}]}}