{"id":91866,"date":"2020-07-10T10:09:02","date_gmt":"2020-07-10T14:09:02","guid":{"rendered":"https:\/\/linitiative.ca\/International\/energie-une-centrale-photovoltaique-flottante-aux-berges-du-lac-de-tunis\/"},"modified":"2020-07-10T10:09:02","modified_gmt":"2020-07-10T14:09:02","slug":"energie-une-centrale-photovoltaique-flottante-aux-berges-du-lac-de-tunis","status":"publish","type":"post","link":"https:\/\/linitiative.ca\/International\/energie-une-centrale-photovoltaique-flottante-aux-berges-du-lac-de-tunis\/","title":{"rendered":"Energie :  Une centrale photovolta\u00efque flottante, aux Berges du Lac de Tunis"},"content":{"rendered":"<p>La STEG vient de signer, jeudi, un accord de coop\u00e9ration avec la Soci\u00e9t\u00e9 \u00ab Internationale QAIR \u00bb, stipulant la r\u00e9alisation d\u2019une centrale photovolta\u00efque flottante, aux Berges du Lac de Tunis, d\u2019une capacit\u00e9 totale de 200 Kilowatts. La centrale devra \u00eatre pr\u00eate avant la fin de l\u2019ann\u00e9e 2021.<\/p>\n<p>Ce projet, qui sera financ\u00e9 par le Fonds d\u2019Etude et d\u2019Aide au Secteur Priv\u00e9 (FASEP), relevant de la direction g\u00e9n\u00e9ral du Tr\u00e9sor fran\u00e7ais, s\u2019inscrit dans le cadre de l\u2019am\u00e9lioration des performances du secteur des \u00e9nergies renouvelables dans notre pays, tout en tirant le meilleur parti des technologies nouvelles dans ce domaine.<\/p>\n<p>La STEG a pr\u00e9cis\u00e9 dans un communiqu\u00e9 publi\u00e9, vendredi, qu\u2019en vertu de cet accord, elle sera en mesure de lancer cette premi\u00e8re exp\u00e9rience pilote qui comprend, \u00e9galement, un volet d\u2019\u00e9tudes sur la capacit\u00e9 de notre pays \u00e0 r\u00e9aliser des projets flottants en recourant aux \u00e9nergies photovolta\u00efques.<\/p>\n<p>Ce projet sera lanc\u00e9, prochainement, sous la tutelle du Minist\u00e8re de l\u2019Energie, des Mines et de la Transition \u00e9nerg\u00e9tique, avec la coop\u00e9ration de nombreuses parties telles que l\u2019ANME, l\u2019APAL\u2026<\/p>\n<div class=\"wp-post-author-wrap wp-post-author-shortcode left\">\n<h3 class=\"awpa-title\"\/>\n<div class=\"wp-post-author\">\n<div class=\"awpa-img awpa-author-block square\"><a href=\"http:\/\/lexpertjournal.net\/fr\/?author=5\"><img loading=\"lazy\" decoding=\"async\" alt=\"\" src=\"http:\/\/0.gravatar.com\/avatar\/97f8e10a1c1125ba104a76514ee07b16?s=150&amp;d=mm&amp;r=g\" srcset=\"http:\/\/0.gravatar.com\/avatar\/97f8e10a1c1125ba104a76514ee07b16?s=300&amp;d=mm&amp;r=g 2x\" class=\"avatar avatar-150 photo\" height=\"150\" width=\"150\"\/><\/a><\/div>\n<\/div>\n<\/div>\n<aside class=\"mashsb-container mashsb-main mashsb-stretched\">\n<\/aside>\n<p>Auteur: L&rsquo;expert<br \/>\n<a href=\"http:\/\/lexpertjournal.net\/fr\/?p=15690\">Cliquez ici pour lire l&rsquo;article depuis sa source.<\/a><\/p>\n","protected":false},"excerpt":{"rendered":"<p>La STEG vient de signer, jeudi, un accord de coop\u00e9ration avec la Soci\u00e9t\u00e9 \u00ab Internationale QAIR \u00bb, stipulant la r\u00e9alisation d\u2019une centrale photovolta\u00efque flottante, aux Berges du Lac de Tunis, d\u2019une capacit\u00e9 totale de 200 Kilowatts. La centrale devra \u00eatre pr\u00eate avant la fin de l\u2019ann\u00e9e 2021. Ce projet, qui sera financ\u00e9 par le Fonds [&hellip;]<\/p>\n","protected":false},"author":1775,"featured_media":0,"comment_status":"closed","ping_status":"closed","sticky":false,"template":"","format":"standard","meta":{"fifu_image_url":"","fifu_image_alt":"","footnotes":""},"categories":[78,55],"tags":[],"class_list":["post-91866","post","type-post","status-publish","format-standard","hentry","category-economie","category-tunisie"],"_links":{"self":[{"href":"https:\/\/linitiative.ca\/International\/wp-json\/wp\/v2\/posts\/91866","targetHints":{"allow":["GET"]}}],"collection":[{"href":"https:\/\/linitiative.ca\/International\/wp-json\/wp\/v2\/posts"}],"about":[{"href":"https:\/\/linitiative.ca\/International\/wp-json\/wp\/v2\/types\/post"}],"author":[{"embeddable":true,"href":"https:\/\/linitiative.ca\/International\/wp-json\/wp\/v2\/users\/1775"}],"replies":[{"embeddable":true,"href":"https:\/\/linitiative.ca\/International\/wp-json\/wp\/v2\/comments?post=91866"}],"version-history":[{"count":0,"href":"https:\/\/linitiative.ca\/International\/wp-json\/wp\/v2\/posts\/91866\/revisions"}],"wp:attachment":[{"href":"https:\/\/linitiative.ca\/International\/wp-json\/wp\/v2\/media?parent=91866"}],"wp:term":[{"taxonomy":"category","embeddable":true,"href":"https:\/\/linitiative.ca\/International\/wp-json\/wp\/v2\/categories?post=91866"},{"taxonomy":"post_tag","embeddable":true,"href":"https:\/\/linitiative.ca\/International\/wp-json\/wp\/v2\/tags?post=91866"}],"curies":[{"name":"wp","href":"https:\/\/api.w.org\/{rel}","templated":true}]}}