{"id":91868,"date":"2020-07-09T16:15:00","date_gmt":"2020-07-09T20:15:00","guid":{"rendered":"https:\/\/linitiative.ca\/International\/interdiction-de-la-circulation-des-vehicules-particuliers-de-et-vers-29-wilayas\/"},"modified":"2020-07-09T16:15:00","modified_gmt":"2020-07-09T20:15:00","slug":"interdiction-de-la-circulation-des-vehicules-particuliers-de-et-vers-29-wilayas","status":"publish","type":"post","link":"https:\/\/linitiative.ca\/International\/interdiction-de-la-circulation-des-vehicules-particuliers-de-et-vers-29-wilayas\/","title":{"rendered":"Interdiction de la circulation des v\u00e9hicules particuliers de et vers 29 wilayas"},"content":{"rendered":"<div id=\"originalText\" readability=\"71\">\n<p>La circulation des v\u00e9hicules particuliers de et vers les 29 wilayas en confinement partiel, sera interdite \u00e0 partir de vendredi 10 juillet 2020, et pour une p\u00e9riode d&rsquo;une semaine, a inform\u00e9, ce jeudi,\u00a0un communiqu\u00e9 de la pr\u00e9sidence de la r\u00e9publique, \u00e0 l&rsquo;issue d&rsquo;une r\u00e9union de travail pr\u00e9sid\u00e9e par Abdelmadjid Tebboune, et consacr\u00e9e \u00e0 l&rsquo;\u00e9tude de la situation sanitaire dans le\u00a0pays.\u00a0<\/p>\n<p>Les transports en commun priv\u00e9s et publics seront \u00e9galement \u00e0 l&rsquo;arr\u00eat pendant les week-end, \u00e0 partir de demain.\u00a0<\/p>\n<p>Le chef de l&rsquo;Etat a, par\u00a0ailleurs, ordonn\u00e9 de doter les m\u00e9decins et le personnel m\u00e9dical en contact direct avec les services d\u00e9di\u00e9s \u00e0 la lutte contre le Covid-19, d&rsquo;un syst\u00e8me d&rsquo;assurance sp\u00e9cial, \u00e0 la charge de l&rsquo;Etat, alors que tous les laboratoires d&rsquo;analyses m\u00e9dicales, priv\u00e9s et publics, sont d\u00e9sormais autoris\u00e9s \u00e0 effectuer les tests de d\u00e9pistage du coronavirus.\u00a0<\/p>\n<p>Ont pris par \u00e0 cette r\u00e9union le Premier ministre Abdelmadjid Djerrad, les ministres de l&rsquo;int\u00e9rieur, de la sant\u00e9 et de l&rsquo;industrie pharmaceutique, en plus des walis d&rsquo;Alger, d&rsquo;Oran, de S\u00e9tif, de Bikra et de Ouargla, ainsi que les chefs de la police et de la gendarmerie nationale, et les membres du Comit\u00e9 scientifique de suivi de l&rsquo;\u00e9volution de la pand\u00e9mie du Covid 19.\u00a0<\/p>\n<p class=\"c6\"><strong>R\u00e9daction Web\u00a0\u00a0<\/strong><\/p>\n<\/div>\n<div id=\"text_core\" readability=\"71\">\n<p>La circulation des v\u00e9hicules particuliers de et vers les 29 wilayas en confinement partiel, sera interdite \u00e0 partir de vendredi 10 juillet 2020, et pour une p\u00e9riode d&rsquo;une semaine, a inform\u00e9, ce jeudi,\u00a0un communiqu\u00e9 de la pr\u00e9sidence de la r\u00e9publique, \u00e0 l&rsquo;issue d&rsquo;une r\u00e9union de travail pr\u00e9sid\u00e9e par Abdelmadjid Tebboune, et consacr\u00e9e \u00e0 l&rsquo;\u00e9tude de la situation sanitaire dans le\u00a0pays.\u00a0<\/p>\n<p>Les transports en commun priv\u00e9s et publics seront \u00e9galement \u00e0 l&rsquo;arr\u00eat pendant les week-end, \u00e0 partir de demain.\u00a0<\/p>\n<p>Le chef de l&rsquo;Etat a, par\u00a0ailleurs, ordonn\u00e9 de doter les m\u00e9decins et le personnel m\u00e9dical en contact direct avec les services d\u00e9di\u00e9s \u00e0 la lutte contre le Covid-19, d&rsquo;un syst\u00e8me d&rsquo;assurance sp\u00e9cial, \u00e0 la charge de l&rsquo;Etat, alors que tous les laboratoires d&rsquo;analyses m\u00e9dicales, priv\u00e9s et publics, sont d\u00e9sormais autoris\u00e9s \u00e0 effectuer les tests de d\u00e9pistage du coronavirus.\u00a0<\/p>\n<p>Ont pris par \u00e0 cette r\u00e9union le Premier ministre Abdelmadjid Djerrad, les ministres de l&rsquo;int\u00e9rieur, de la sant\u00e9 et de l&rsquo;industrie pharmaceutique, en plus des walis d&rsquo;Alger, d&rsquo;Oran, de S\u00e9tif, de Bikra et de Ouargla, ainsi que les chefs de la police et de la gendarmerie nationale, et les membres du Comit\u00e9 scientifique de suivi de l&rsquo;\u00e9volution de la pand\u00e9mie du Covid 19.\u00a0<\/p>\n<p class=\"c6\"><strong>R\u00e9daction Web\u00a0\u00a0<\/strong><\/p>\n<\/div>\n<p>Auteur:<br \/>\n<a href=\"https:\/\/www.liberte-algerie.com\/actualite\/interdiction-de-la-circulation-des-vehicules-particuliers-de-et-vers-29-wilayas-341772\">Cliquez ici pour lire l&rsquo;article depuis sa source.<\/a><\/p>\n","protected":false},"excerpt":{"rendered":"<p>La circulation des v\u00e9hicules particuliers de et vers les 29 wilayas en confinement partiel, sera interdite \u00e0 partir de vendredi 10 juillet 2020, et pour une p\u00e9riode d&rsquo;une semaine, a inform\u00e9, ce jeudi,\u00a0un communiqu\u00e9 de la pr\u00e9sidence de la r\u00e9publique, \u00e0 l&rsquo;issue d&rsquo;une r\u00e9union de travail pr\u00e9sid\u00e9e par Abdelmadjid Tebboune, et consacr\u00e9e \u00e0 l&rsquo;\u00e9tude de [&hellip;]<\/p>\n","protected":false},"author":1742,"featured_media":0,"comment_status":"closed","ping_status":"closed","sticky":false,"template":"","format":"standard","meta":{"fifu_image_url":"","fifu_image_alt":"","footnotes":""},"categories":[73,53],"tags":[],"class_list":["post-91868","post","type-post","status-publish","format-standard","hentry","category-actualite","category-algerie"],"_links":{"self":[{"href":"https:\/\/linitiative.ca\/International\/wp-json\/wp\/v2\/posts\/91868","targetHints":{"allow":["GET"]}}],"collection":[{"href":"https:\/\/linitiative.ca\/International\/wp-json\/wp\/v2\/posts"}],"about":[{"href":"https:\/\/linitiative.ca\/International\/wp-json\/wp\/v2\/types\/post"}],"author":[{"embeddable":true,"href":"https:\/\/linitiative.ca\/International\/wp-json\/wp\/v2\/users\/1742"}],"replies":[{"embeddable":true,"href":"https:\/\/linitiative.ca\/International\/wp-json\/wp\/v2\/comments?post=91868"}],"version-history":[{"count":0,"href":"https:\/\/linitiative.ca\/International\/wp-json\/wp\/v2\/posts\/91868\/revisions"}],"wp:attachment":[{"href":"https:\/\/linitiative.ca\/International\/wp-json\/wp\/v2\/media?parent=91868"}],"wp:term":[{"taxonomy":"category","embeddable":true,"href":"https:\/\/linitiative.ca\/International\/wp-json\/wp\/v2\/categories?post=91868"},{"taxonomy":"post_tag","embeddable":true,"href":"https:\/\/linitiative.ca\/International\/wp-json\/wp\/v2\/tags?post=91868"}],"curies":[{"name":"wp","href":"https:\/\/api.w.org\/{rel}","templated":true}]}}