{"id":91881,"date":"2020-07-10T07:07:09","date_gmt":"2020-07-10T11:07:09","guid":{"rendered":"https:\/\/linitiative.ca\/International\/oran-covid19-malgre-la-hausse-du-nombre-des-contamines-les-gestes-barrieres-ne-sont-pas-respectes\/"},"modified":"2020-07-10T07:07:09","modified_gmt":"2020-07-10T11:07:09","slug":"oran-covid19-malgre-la-hausse-du-nombre-des-contamines-les-gestes-barrieres-ne-sont-pas-respectes","status":"publish","type":"post","link":"https:\/\/linitiative.ca\/International\/oran-covid19-malgre-la-hausse-du-nombre-des-contamines-les-gestes-barrieres-ne-sont-pas-respectes\/","title":{"rendered":"Oran-Covid19: malgr\u00e9 la hausse du nombre des contamin\u00e9s, les gestes barri\u00e8res ne sont pas respect\u00e9s"},"content":{"rendered":"<div readability=\"38\">\n<p><strong>ORAN- L\u2019insouciance d\u2019une partie de la population et le non-respect des gestes barri\u00e8res par une partie de la population sont parmi les causes \u00e0 l\u2019origine de la hausse inqui\u00e9tante du nombre de nouveaux\u00a0cas de Covid-19, ces derniers jours, dans la wilaya d\u2019Oran, estiment les sp\u00e9cialistes.<\/strong><\/p>\n<\/div>\n<div readability=\"151\">\n<p>Devant cette situation alarmante, les professionnels de la sant\u00e9 publique ont tir\u00e9 la sonnette d\u2019alarme quant \u00e0 l\u2019importance de respecter les mesures de pr\u00e9vention pour endiguer la progression de la pand\u00e9mie et d\u2019\u00e9viter les lieux \u00e0 haute fr\u00e9quentation de la population.<\/p>\n<p>Le chef de service de pr\u00e9vention \u00e0 la direction de sant\u00e9 de la wilaya, Dr. Yousef Boukhari a soulign\u00e9 que le port du masque, l\u2019hygi\u00e8ne des mains et le respect de la distanciation sociale sont des gestes tr\u00e8s importantes dans la lutte contre le virus, ajoutant qu\u2019il faudrait \u00e9galement \u00e9viter les occasions familiales (d\u00e9c\u00e8s, mariages, circoncisions, anniversaires) afin de stopper la propagation du Covid-19.<\/p>\n<blockquote readability=\"11\">\n<p><em><strong>La wilaya d&rsquo;Oran enregistre, depuis quelques jours, une hausse du nombre de cas de Covid-19. Elle figure parmi les villes du pays les plus touch\u00e9es par la pand\u00e9mie, avec plus de 1.500 cas positifs enregistr\u00e9s depuis le d\u00e9but de la crise sanitaire, rappelle-t-on.<\/strong><\/em><\/p>\n<\/blockquote>\n<p>Toutefois, cette recrudescence des cas de Covid-19 \u00e0 Oran n\u2019a pas pouss\u00e9 une partie de la population locale \u00e0 respecter les mesures de pr\u00e9vention et les gestes barri\u00e8res. Le constat sur le terrain est des plus d\u00e9plorables, a-t-on constat\u00e9.<\/p>\n<p>Les 82 nouveaux cas, enregistr\u00e9s le 3 juillet dernier \u00e0 Oran et annonc\u00e9s par le porte-parole du comit\u00e9 scientifique de suivi du Covid-19, ont fait que la capitale de l\u2019Ouest occupait, ce jour-l\u00e0, la premi\u00e8re place pour ce qui est du nombre de personnes contamin\u00e9es. Cette triste nouvelle n\u2019a pas emp\u00each\u00e9 beaucoup d\u2019oranais \u00e0 sortir le lendemain, samedi, sans la moindre protection, a-t-on constat\u00e9.<\/p>\n<p class=\"c30\"><strong>\u00a0Un acte de civisme\u00a0<\/strong><\/p>\n<p class=\"c30\">\u00a0<\/p>\n<p>Les femmes plus que les hommes, les personnes \u00e2g\u00e9es plus que les jeunes sont plus strictes \u00e0 respecter ces r\u00e8gles de pr\u00e9vention.<\/p>\n<p>Farid, un commer\u00e7ant d\u2019\u00e9lectrom\u00e9nager \u00e0 la cit\u00e9 Ibn Rochd (ex-HLM), masque sanitaire coinc\u00e9 sur le menton, admet que le masque est une obligation.<\/p>\n<p>\u00ab\u00a0Toutefois en cette p\u00e9riode de canicule, je ne peux pas le porter tout le temps. Par contre, je veille au respect des autres mesures comme l\u2019hygi\u00e8ne des mains et la distanciation physique avec mes clients\u00a0\u00bb, reconna\u00eet-il.<\/p>\n<p>Pointant le doigt sur une affichette, appos\u00e9e \u00e0 l\u2019entr\u00e9e de son magasin, sur laquelle il est recommand\u00e9 que \u00ab\u00a0le port du masque est obligatoire\u00a0\u00bb, Farid souligne \u00e0 l\u2019APS qu\u2019il exigeait \u00e0 tous ses clients de respecter cette r\u00e8gle avant d\u2019acc\u00e9der au magasin. \u00ab\u00a0C\u2019est imp\u00e9ratif\u00a0\u00bb, s\u2019est-il exclam\u00e9.<\/p>\n<p>Amel est une fonctionnaire dans une entreprise priv\u00e9e. Rencontr\u00e9e au centre-ville, en compagnie de ses deux enfants, tous les trois portent des masques. Cette m\u00e8re affirme qu\u2019elle ne sort plus sans masque depuis plus de 3 mois. \u00ab\u00a0Je respecte aussi bien le port du masque que l\u2019hygi\u00e8ne des mains et la distanciation physique. C\u2019est devenu presque des reflexes naturels pour moi\u00a0\u00bb, a-t-elle dit.<\/p>\n<p>\u00ab\u00a0Dans le rue, \u00e0 l\u2019int\u00e9rieur des magasins ou m\u00eame dans l\u2019administration o\u00f9 je travaille, je porte le masque. Je tiens toujours \u00e0 le faire rappeler \u00e0 mes coll\u00e8gues ou mes interlocuteurs. Je ne veux pas prendre de risques.<\/p>\n<p>J\u2019ai une famille \u00e0 prot\u00e9ger et je dois faire attention\u00a0\u00bb, a-t-elle ajout\u00e9, estimant qu\u2019 \u00ab\u00a0adopter ces gestes quotidiennement est un acte de civisme av\u00e9r\u00e9 et un signe ind\u00e9niable du respect d&rsquo;autrui\u00a0\u00bb.<\/p>\n<p class=\"c30\"><strong>L\u2019insouciance des jeunes<\/strong><\/p>\n<p>M\u2019kha\u00efssia, une femme d\u2019un certain \u00e2ge, attend sagement son tour pour acc\u00e9der \u00e0 une boucherie. Elle porte un masque et veille scrupuleusement au respect de la r\u00e8gle de la distanciation physique. \u00ab\u00a0Ces gestes barri\u00e8res sont des bou\u00e9es de sauvetage pour sortir de cette crise sanitaire sans pr\u00e9c\u00e9dant\u00a0\u00bb, affirme-t-elle, tout en soulignant la n\u00e9cessit\u00e9 de les respecter et les faire respecter\u00a0\u00bb.<\/p>\n<p>\u00ab\u00a0Rien n\u2019emp\u00eache les jeunes de se saluer en respectant une distance d\u2019un m\u00e8tre et demi, de porter un masque jusqu\u2019au retour \u00e0 la maison et de laver les mains fr\u00e9quemment. Aucune excuse n\u2019explique ce rejet\u00a0\u00bb, s\u2019est-elle exclam\u00e9e.<\/p>\n<p>\u00ab\u00a0Ces gestes simples, beaucoup de nos jeunes ne les appliquent malheureusement pas souvent. Ce sont leurs parents et grands-parents qui risquent d&rsquo;en payer les cons\u00e9quences\u00a0\u00bb, a encore soulign\u00e9 M\u2019kha\u00efssia.<\/p>\n<blockquote readability=\"11\">\n<p><em><strong>Les jeunes incrimin\u00e9s pour ces \u00ab\u00a0failles\u00a0\u00bb ont un autre point de vue \u00e0 avancer pour expliquer leur insouciance et leur non respect des gestes barri\u00e8res largement constat\u00e9s dans plusieurs cit\u00e9s d\u2019Oran. \u00ab\u00a0Le virus touche beaucoup plus les personnes \u00e2g\u00e9es et les malades chroniques. Nous les jeunes, sommes plus au moins immunis\u00e9s\u00a0\u00bb, expliquent plusieurs jeunes, interrog\u00e9s par l\u2019APS.<\/strong><\/em><\/p>\n<\/blockquote>\n<p>Des sc\u00e8nes de groupes de jeunes s\u2019adonnant \u00e0 d\u2019interminables parties de dominos ou de cartes ou encore s\u2019\u00e9changeant des vid\u00e9os et des applications mobiles sans aucun moyen de protection ni respect de distanciation physique sont devenues normales et quasi-quotidiennes au sein des cit\u00e9s d\u2019habitations et quartiers populaires.<\/p>\n<p>Si sur les r\u00e9seaux sociaux ces comportements sont condamn\u00e9s, dans le monde \u00ab\u00a0r\u00e9el\u00a0\u00bb, la situation est toute autre.<\/p>\n<\/div>\n<p>Auteur:<br \/>\n<a href=\"http:\/\/www.aps.dz\/regions\/107221-covid-19-a-oran-malgre-la-hausse-du-nombre-des-contamines-les-gestes-barrieres-ne-sont-pas-respectes\">Cliquez ici pour lire l&rsquo;article depuis sa source.<\/a><\/p>\n","protected":false},"excerpt":{"rendered":"<p>ORAN- L\u2019insouciance d\u2019une partie de la population et le non-respect des gestes barri\u00e8res par une partie de la population sont parmi les causes \u00e0 l\u2019origine de la hausse inqui\u00e9tante du nombre de nouveaux\u00a0cas de Covid-19, ces derniers jours, dans la wilaya d\u2019Oran, estiment les sp\u00e9cialistes. Devant cette situation alarmante, les professionnels de la sant\u00e9 publique [&hellip;]<\/p>\n","protected":false},"author":1790,"featured_media":0,"comment_status":"closed","ping_status":"closed","sticky":false,"template":"","format":"standard","meta":{"fifu_image_url":"","fifu_image_alt":"","footnotes":""},"categories":[53,76],"tags":[],"class_list":["post-91881","post","type-post","status-publish","format-standard","hentry","category-algerie","category-regions"],"_links":{"self":[{"href":"https:\/\/linitiative.ca\/International\/wp-json\/wp\/v2\/posts\/91881","targetHints":{"allow":["GET"]}}],"collection":[{"href":"https:\/\/linitiative.ca\/International\/wp-json\/wp\/v2\/posts"}],"about":[{"href":"https:\/\/linitiative.ca\/International\/wp-json\/wp\/v2\/types\/post"}],"author":[{"embeddable":true,"href":"https:\/\/linitiative.ca\/International\/wp-json\/wp\/v2\/users\/1790"}],"replies":[{"embeddable":true,"href":"https:\/\/linitiative.ca\/International\/wp-json\/wp\/v2\/comments?post=91881"}],"version-history":[{"count":0,"href":"https:\/\/linitiative.ca\/International\/wp-json\/wp\/v2\/posts\/91881\/revisions"}],"wp:attachment":[{"href":"https:\/\/linitiative.ca\/International\/wp-json\/wp\/v2\/media?parent=91881"}],"wp:term":[{"taxonomy":"category","embeddable":true,"href":"https:\/\/linitiative.ca\/International\/wp-json\/wp\/v2\/categories?post=91881"},{"taxonomy":"post_tag","embeddable":true,"href":"https:\/\/linitiative.ca\/International\/wp-json\/wp\/v2\/tags?post=91881"}],"curies":[{"name":"wp","href":"https:\/\/api.w.org\/{rel}","templated":true}]}}