{"id":91883,"date":"2020-07-09T14:43:43","date_gmt":"2020-07-09T18:43:43","guid":{"rendered":"https:\/\/linitiative.ca\/International\/prolongation-de-letat-durgence-sanitaire-jusquau-10-aout\/"},"modified":"2020-07-09T14:43:43","modified_gmt":"2020-07-09T18:43:43","slug":"prolongation-de-letat-durgence-sanitaire-jusquau-10-aout","status":"publish","type":"post","link":"https:\/\/linitiative.ca\/International\/prolongation-de-letat-durgence-sanitaire-jusquau-10-aout\/","title":{"rendered":"Prolongation de l\u2019\u00e9tat d\u2019urgence sanitaire jusqu\u2019au 10 ao\u00fbt"},"content":{"rendered":"<div class=\"single-featured\"><img alt=\"\" data-src=\"http:\/\/www.mapoujda.ma\/map\/uploads\/2020\/07\/Point-de-presse-du-porte-parole-du-gouvernement-Saa&#xEF;d-Amzazi-M750&#xD7;430-MAP.jpg\"\/><\/div>\n<div class=\"entry-content clearfix single-post-content\" readability=\"51\">\n<p class=\"c4\">Le Conseil de gouvernement a adopt\u00e9 jeudi le projet de d\u00e9cret N\u00b0 2.20.426 portant prolongation de l\u2019\u00e9tat d\u2019urgence sanitaire sur l\u2019ensemble du territoire national, jusqu\u2019au 10 ao\u00fbt 2020 \u00e0 18h00, dans le cadre des efforts de lutte contre la pand\u00e9mie du nouveau coronavirus (Covid-19), indique le ministre de l\u2019\u00c9ducation nationale, de la Formation professionnelle, de l\u2019Enseignement sup\u00e9rieur et de la Recherche scientifique, Porte-parole du gouvernement, M. Saaid Amzazi.<\/p>\n<p class=\"c4\">Ce projet de d\u00e9cret a \u00e9t\u00e9 pr\u00e9sent\u00e9 devant le Conseil de gouvernement par le ministre de l\u2019Int\u00e9rieur, a pr\u00e9cis\u00e9 M. Amzazi dans un communiqu\u00e9 lu lors d\u2019un point de presse, tenu \u00e0 l\u2019issue du Conseil, r\u00e9uni sous la pr\u00e9sidence du Chef de gouvernement, M. Saad Dine El Otmani,.<\/p>\n<\/div>\n<p>Auteur: Soufiane ELAHMAR<br \/>\n<a href=\"http:\/\/www.mapoujda.ma\/fr\/prolongation-de-letat-durgence-sanitaire-jusquau-10-aout\/\">Cliquez ici pour lire l&rsquo;article depuis sa source.<\/a><\/p>\n","protected":false},"excerpt":{"rendered":"<p>Le Conseil de gouvernement a adopt\u00e9 jeudi le projet de d\u00e9cret N\u00b0 2.20.426 portant prolongation de l\u2019\u00e9tat d\u2019urgence sanitaire sur l\u2019ensemble du territoire national, jusqu\u2019au 10 ao\u00fbt 2020 \u00e0 18h00, dans le cadre des efforts de lutte contre la pand\u00e9mie du nouveau coronavirus (Covid-19), indique le ministre de l\u2019\u00c9ducation nationale, de la Formation professionnelle, de [&hellip;]<\/p>\n","protected":false},"author":1788,"featured_media":91884,"comment_status":"closed","ping_status":"closed","sticky":false,"template":"","format":"standard","meta":{"fifu_image_url":"","fifu_image_alt":"","footnotes":""},"categories":[54,76],"tags":[],"class_list":["post-91883","post","type-post","status-publish","format-standard","has-post-thumbnail","hentry","category-maroc","category-regions"],"_links":{"self":[{"href":"https:\/\/linitiative.ca\/International\/wp-json\/wp\/v2\/posts\/91883","targetHints":{"allow":["GET"]}}],"collection":[{"href":"https:\/\/linitiative.ca\/International\/wp-json\/wp\/v2\/posts"}],"about":[{"href":"https:\/\/linitiative.ca\/International\/wp-json\/wp\/v2\/types\/post"}],"author":[{"embeddable":true,"href":"https:\/\/linitiative.ca\/International\/wp-json\/wp\/v2\/users\/1788"}],"replies":[{"embeddable":true,"href":"https:\/\/linitiative.ca\/International\/wp-json\/wp\/v2\/comments?post=91883"}],"version-history":[{"count":0,"href":"https:\/\/linitiative.ca\/International\/wp-json\/wp\/v2\/posts\/91883\/revisions"}],"wp:featuredmedia":[{"embeddable":true,"href":"https:\/\/linitiative.ca\/International\/wp-json\/"}],"wp:attachment":[{"href":"https:\/\/linitiative.ca\/International\/wp-json\/wp\/v2\/media?parent=91883"}],"wp:term":[{"taxonomy":"category","embeddable":true,"href":"https:\/\/linitiative.ca\/International\/wp-json\/wp\/v2\/categories?post=91883"},{"taxonomy":"post_tag","embeddable":true,"href":"https:\/\/linitiative.ca\/International\/wp-json\/wp\/v2\/tags?post=91883"}],"curies":[{"name":"wp","href":"https:\/\/api.w.org\/{rel}","templated":true}]}}