{"id":91892,"date":"2020-07-10T10:23:25","date_gmt":"2020-07-10T14:23:25","guid":{"rendered":"https:\/\/linitiative.ca\/International\/boulevards-ouverts-pour-une-piraterie-anoblie-et-institutionnalisee\/"},"modified":"2020-07-10T10:23:25","modified_gmt":"2020-07-10T14:23:25","slug":"boulevards-ouverts-pour-une-piraterie-anoblie-et-institutionnalisee","status":"publish","type":"post","link":"https:\/\/linitiative.ca\/International\/boulevards-ouverts-pour-une-piraterie-anoblie-et-institutionnalisee\/","title":{"rendered":"Boulevards ouverts pour une piraterie \u00ab anoblie \u00bb et institutionnalis\u00e9e !"},"content":{"rendered":"<p class=\"p1 c4\"><span class=\"c3\"><span class=\"s1 c2\"><strong><em>LE TEMPS &#8211; Raouf KHALSI<\/em><\/strong><\/span><\/span><\/p>\n<p class=\"p3 c5\"><span class=\"c3\">P\u00e9rils pour la libert\u00e9 de la presse. Tonnerre sur l\u2019audiovisuel. D\u00e9tournements du seul v\u00e9ritable acquis de la R\u00e9volution. Et, extr\u00eame ironie du sort, ces manipulations se font justement au nom de cette&#8230; R\u00e9volution. Au nom d\u2019une d\u00e9mocratie qu\u2019on veut sans foi, ni loi, si ce n\u2019est la \u00ab foi \u00bb obscurantiste, sinon les lois assujetties et au service de la paup\u00e9risation des droits et des libert\u00e9s individuelles.<\/span><\/p>\n<p class=\"p1 c6\"><span class=\"c3\">Thomas Jefferson, ancien Pr\u00e9sident des Etats-Unis disait, d\u00e9j\u00e0, au XVIII\u00e8me si\u00e8cle : \u00ab Notre libert\u00e9 d\u00e9pend de la libert\u00e9 de la presse, et elle ne saurait \u00eatre limit\u00e9e sans \u00eatre perdue \u00bb.<\/span><\/p>\n<p class=\"p2 c7\"><span class=\"c3\"><strong>Suspecte bienveillance<span class=\"Apple-converted-space\">\u00a0<\/span><\/strong><\/span><\/p>\n<p class=\"p2 c7\"><span class=\"c3\"><strong>d\u2019une commission<span class=\"Apple-converted-space\">\u00a0<\/span><\/strong><\/span><\/p>\n<p class=\"p1 c6\"><span class=\"c3\">Au lendemain de la R\u00e9volution, la toute premi\u00e8re pierre angulaire des libert\u00e9s reconquises (ou mieux, conquises) aura consist\u00e9 en l\u2019amendement des d\u00e9crets 115 et 116 du 2 novembre 2011 inh\u00e9rents \u00e0 la r\u00e9organisation du socle juridique des m\u00e9dias. Particuli\u00e8rement, en ce qui nous concerne, ici, dans ce coup de tonnerre d\u2019avant-hier soir, l\u2019article 116 relatif \u00e0 la libert\u00e9 de la communication audiovisuelle et portant cr\u00e9ation de la Haute Autorit\u00e9 ind\u00e9pendante de la communication audiovisuelle.<span class=\"Apple-converted-space\">\u00a0<\/span><\/span><\/p>\n<p class=\"p1 c6\"><span class=\"c3\">Des constitutionnalistes, des l\u00e9gislateurs de premier ordre, ainsi que l\u2019inamovible syndicat des journalistes tunisiens et les Organisations nationales, (dont essentiellement l\u2019UGTT) auront tous mis la main \u00e0 la p\u00e2te. La quintessence ? Lib\u00e9rer un secteur longtemps musel\u00e9 sans rien toucher \u00e0 la souverainet\u00e9 de sa ligne \u00e9ditoriale. Les garde-fous n\u00e9cessaires ? L\u2019obligation d\u2019obtenir une licence assortie de certaines conditions de transparence, en ce qui a trait aux sources de financement dans le souci de pr\u00e9munir le secteur contre la piraterie et les manipulations id\u00e9ologiques de l\u2019opinion publique. Dans cette logique institutionnelle, la HAICA, au vu de l\u2019article 127 de la constitution, devient une instance r\u00e9gulatrice et de protection de la libert\u00e9 d\u2019expression. Mais, c\u2019est aussi, toujours dans l\u2019esprit du l\u00e9gislateur, une autorit\u00e9 organisationnelle et qui doit \u00eatre consult\u00e9e pour tout ce qui concerne les projets de lois dans ce domaine. Les textes sont clairs.<\/span><\/p>\n<p class=\"p1 c6\"><span class=\"c3\">Il est vrai que le projet de loi fondamentale concernant la HAICA n\u2019a toujours pas vu le jour. Le gouvernement Chahed en avait concoct\u00e9 un. Mais, dans une correspondance datant de juin dernier, Ely\u00e8s Fakhfakh avait adress\u00e9 une correspondance \u00e0 l\u2019ARP demandant le retrait d\u2019un certain nombre de projets de lois, dont, pr\u00e9cis\u00e9ment celui qui concerne la HAICA.<\/span><\/p>\n<p class=\"p1 c6\"><span class=\"c3\">Et voil\u00e0, donc, la br\u00e8che dans laquelle s\u2019est engouffr\u00e9e notre superbe commission des Droits et des Libert\u00e9s. Le maitre d\u2019\u0153uvre, l\u2019instigateur, c\u2019est, en l\u2019apparence, le mouvement Al Karama. Le grand strat\u00e8ge ? Bien entendu Ennahdha, appuy\u00e9 par Qalb Tounes, d\u00e9sormais vassalis\u00e9.<\/span><\/p>\n<p class=\"p1 c6\"><span class=\"c3\">Admirez la force de dext\u00e9rit\u00e9 de cette commission. Balayer d\u2019un revers de la main la p\u00e9tition d\u2019Abir Moussi inh\u00e9rente \u00e0 la proclamation des \u00ab Fr\u00e8res musulmans \u00bb comme organisation terroriste -sans m\u00eame l\u2019\u00e9tudier- et faire semblant de statuer, r\u00e9sultat pr\u00e9\u00e9tabli \u00e0 l\u2019avance, sur le projet pr\u00e9sent\u00e9 par Seifeddine Makhlouf (paravent rien de plus). Le projet adopt\u00e9 vise tout bonnement la suppression des licences pour la cr\u00e9ation d\u2019une cha\u00eene t\u00e9l\u00e9visuelle ou radiophonique) et leur remplacement par une simple d\u00e9claration. Et, plus dangereux encore, le renouvellement de la HAICA par la d\u00e9signation de ses neuf membres par le Parlement, au moyen bien entendu d\u2019une parodie de vote majoritaire.<span class=\"Apple-converted-space\">\u00a0<\/span><\/span><\/p>\n<p class=\"p1 c6\"><span class=\"c3\">En d\u2019autres termes, dissoudre la HAICA actuelle et, pour sa recomposition, on consultera Gaston, sinon qu\u2019on attendra Godot. Un sc\u00e9nario \u00e0 la Cour Constitutionnelle, en somme. Et, il y a \u00e0 parier que la pl\u00e9ni\u00e8re sera vite organis\u00e9e. Elle passera m\u00eame en priorit\u00e9. Sauf que, l\u00e0 o\u00f9 le b\u00e2t blesse, c\u2019est que la commission ait ent\u00e9rin\u00e9 le projet, par le seul fait du passage en force du trio Al Karama, Ennahdha, Qalb Tounes, mais que les autres sensibilit\u00e9s politiques ne s\u2019y soient pas \u00e9rig\u00e9es en force d\u2019interposition.<\/span><\/p>\n<p class=\"p2 c7\"><span class=\"c3\"><strong>\u00ab Projet dangereux \u00bb,<span class=\"Apple-converted-space\">\u00a0<\/span><\/strong><\/span><\/p>\n<p class=\"p2 c7\"><span class=\"c3\"><strong>s\u2019\u00e9crie l\u2019UGTT !<\/strong><\/span><\/p>\n<p class=\"p1 c6\"><span class=\"c3\">Mercredi dernier, soit la veille du verdict de la commission des Droits et des Libert\u00e9s (bel euph\u00e9misme) la F\u00e9d\u00e9ration g\u00e9n\u00e9rale de l\u2019information relevant de l\u2019UGTT a cri\u00e9 au scandale. Pire, elle a cri\u00e9 \u00e0 la manipulation et \u00e0 la supercherie. \u00ab Un projet dangereux \u00bb s\u2019\u00e9crie la Centrale syndicale, en ce qu\u2019elle voit dans cette man\u0153uvre la voie ouverte vers la l\u00e9galisation des cha\u00eenes travaillant sur des agendas assez particuliers, tout autant que l\u2019institutionnalisation de la piraterie et de l\u2019argent occulte. L\u2019UGTT appelle la soci\u00e9t\u00e9 civile \u00e0 se mobiliser contre cette tentative de transformer les m\u00e9dias audiovisuels en autant d\u2019organes de propagande. Noureddine Taboubi en appelle m\u00eame au Pr\u00e9sident, dans le sens d\u2019un projet de loi fondamentale en rapport avec la libert\u00e9 d\u2019expression. Du reste, le Pr\u00e9sident a latitude \u00e0 formuler des initiatives l\u00e9gislatives. Dans un acc\u00e8s de col\u00e8re, Taboubi d\u00e9clare m\u00eame, au-del\u00e0 de ce contexte, que le temps est venu de r\u00e9former le code \u00e9lectoral (NDLR : qui nous a gratifi\u00e9 d\u2019Al Karama au Parlement) et, pourquoi pas organiser carr\u00e9ment des \u00e9lections anticip\u00e9es, le vrai cauchemar d\u2019Ennahdha.<\/span><\/p>\n<p class=\"p1 c6\"><span class=\"c3\">Car, \u00e0 la fin des fins, plus que jamais accul\u00e9, le mouvement islamiste ne cherche plus uniquement \u00e0 museler les m\u00e9dias, ce qu\u2019il n\u2019a cess\u00e9 de faire. Mais, aujourd\u2019hui, par le truchement de Makhlouf, elle cherche \u00e0 les mettre carr\u00e9ment au pas. Et, tous, sans exception. Et, c\u2019est comme s\u2019il n\u2019y avait pas assez de cha\u00eenes, ni assez de m\u00e9dias \u00e0 sa solde.<\/span><\/p>\n<p class=\"p1 c6\"><span class=\"c3\">Du reste, le coup est bien calcul\u00e9. Le gouvernement s\u2019attelle maintenant \u00e0 r\u00e9organiser la publicit\u00e9 publique \u00e0 travers tous les m\u00e9dias. A supposer que ce projet soit vot\u00e9, voil\u00e0 donc l\u2019aubaine pour les pirates \u00ab anoblis \u00bb !<\/span><\/p>\n<p class=\"p1 c6\"><span class=\"c3\">\u00ab Pas d\u2019int\u00e9r\u00eat, pas d\u2019action \u00bb, dit un principe g\u00e9n\u00e9ral de droit. Quel int\u00e9r\u00eat pour ce trio de concocter un projet d\u2019une telle dangerosit\u00e9 ? Pas vraiment l\u2019argent, ce n\u2019est pas cela qui leur manque. Mais la propagande. Et, pour tout dire, les relents d\u2019un discours extr\u00e9miste. Au nom de la R\u00e9volution. Une R\u00e9volution d\u00e9sormais au visage fard\u00e9. Il est vrai que, comme le dit Mitterrand, \u00ab la libert\u00e9 de presse pr\u00e9sente des inconv\u00e9nients. Mais moins que l\u2019absence de libert\u00e9 \u00bb<\/span><\/p>\n<p class=\"p3 c5\">\u00a0<\/p>\n<p class=\"p3 c8\"><span class=\"c3\"><strong>R.K.<\/strong><\/span><\/p>\n<p>Auteur: letemps1<br \/>\n<a href=\"http:\/\/www.letemps.com.tn\/article\/115526\/boulevards-ouverts-pour-une-piraterie-%C2%AB-anoblie-%C2%BB-et-institutionnalis%C3%A9e\">Cliquez ici pour lire l&rsquo;article depuis sa source.<\/a><\/p>\n","protected":false},"excerpt":{"rendered":"<p>LE TEMPS &#8211; Raouf KHALSI P\u00e9rils pour la libert\u00e9 de la presse. Tonnerre sur l\u2019audiovisuel. D\u00e9tournements du seul v\u00e9ritable acquis de la R\u00e9volution. Et, extr\u00eame ironie du sort, ces manipulations se font justement au nom de cette&#8230; R\u00e9volution. Au nom d\u2019une d\u00e9mocratie qu\u2019on veut sans foi, ni loi, si ce n\u2019est la \u00ab foi \u00bb [&hellip;]<\/p>\n","protected":false},"author":1773,"featured_media":0,"comment_status":"closed","ping_status":"closed","sticky":false,"template":"","format":"standard","meta":{"fifu_image_url":"","fifu_image_alt":"","footnotes":""},"categories":[73,55],"tags":[],"class_list":["post-91892","post","type-post","status-publish","format-standard","hentry","category-actualite","category-tunisie"],"_links":{"self":[{"href":"https:\/\/linitiative.ca\/International\/wp-json\/wp\/v2\/posts\/91892","targetHints":{"allow":["GET"]}}],"collection":[{"href":"https:\/\/linitiative.ca\/International\/wp-json\/wp\/v2\/posts"}],"about":[{"href":"https:\/\/linitiative.ca\/International\/wp-json\/wp\/v2\/types\/post"}],"author":[{"embeddable":true,"href":"https:\/\/linitiative.ca\/International\/wp-json\/wp\/v2\/users\/1773"}],"replies":[{"embeddable":true,"href":"https:\/\/linitiative.ca\/International\/wp-json\/wp\/v2\/comments?post=91892"}],"version-history":[{"count":0,"href":"https:\/\/linitiative.ca\/International\/wp-json\/wp\/v2\/posts\/91892\/revisions"}],"wp:attachment":[{"href":"https:\/\/linitiative.ca\/International\/wp-json\/wp\/v2\/media?parent=91892"}],"wp:term":[{"taxonomy":"category","embeddable":true,"href":"https:\/\/linitiative.ca\/International\/wp-json\/wp\/v2\/categories?post=91892"},{"taxonomy":"post_tag","embeddable":true,"href":"https:\/\/linitiative.ca\/International\/wp-json\/wp\/v2\/tags?post=91892"}],"curies":[{"name":"wp","href":"https:\/\/api.w.org\/{rel}","templated":true}]}}