{"id":91894,"date":"2020-07-10T10:25:15","date_gmt":"2020-07-10T14:25:15","guid":{"rendered":"https:\/\/linitiative.ca\/International\/de-partout-de-partout\/"},"modified":"2020-07-10T10:25:15","modified_gmt":"2020-07-10T14:25:15","slug":"de-partout-de-partout","status":"publish","type":"post","link":"https:\/\/linitiative.ca\/International\/de-partout-de-partout\/","title":{"rendered":"DE PARTOUT\u2026 DE PARTOUT\u2026"},"content":{"rendered":"<p class=\"p1 c2\">\u00a0<\/p>\n<p class=\"p2 c5\"><span class=\"c4\"><span class=\"s1 c3\"><strong>Le nouveau gouverneur<span class=\"Apple-converted-space\">\u00a0<\/span><\/strong><\/span><\/span><\/p>\n<p class=\"p2 c5\"><span class=\"c4\"><span class=\"s1 c3\"><strong>de K\u00e9bili pr\u00eate serment<\/strong><\/span><\/span><\/p>\n<p class=\"p3 c6\"><span class=\"c4\">Le nouveau gouverneur de K\u00e9bili Moncef Chlaghmia a pr\u00eat\u00e9 serment devant le pr\u00e9sident de la R\u00e9publique, Ka\u00efs Sa\u00efed au cours d&rsquo;une c\u00e9r\u00e9monie tenue, hier, au Palais de Carthage, indique un communiqu\u00e9 de la pr\u00e9sidence de la R\u00e9publique. La c\u00e9r\u00e9monie s&rsquo;est d\u00e9roul\u00e9e en pr\u00e9sence du ministre de l&rsquo;Int\u00e9rieur, Hichem M\u00e9chichi.<\/span><\/p>\n<p class=\"p4 c8\"><span class=\"c4\"><span class=\"s2 c7\">r <\/span><strong>Bon courage au nouveau gouverneur et pleins succ\u00e8s dans ses fonctions.<\/strong><\/span><\/p>\n<p class=\"p1 c2\">\u00a0<\/p>\n<p class=\"p2 c5\"><span class=\"c4\"><span class=\"s1 c3\"><strong>Bizerte indemne<span class=\"Apple-converted-space\">\u00a0<\/span><\/strong><\/span><\/span><\/p>\n<p class=\"p2 c5\"><span class=\"c4\"><span class=\"s1 c3\"><strong>de toute contamination<\/strong><\/span><\/span><\/p>\n<p class=\"p3 c6\"><span class=\"c4\">Le directeur r\u00e9gional de la sant\u00e9 \u00e0 Bizerte Jameleddine Saadani a affirm\u00e9, mercredi, que deux cas import\u00e9s de contamination par la Covid-19, plac\u00e9s en confinement obligatoire au centre de Monastir, ont gu\u00e9ri de l&rsquo;infection. Apr\u00e8s le r\u00e9tablissement de ces deux cas, originaires de Bizerte, le gouvernorat est actuellement indemne de toute contamination locale ou import\u00e9e par le coronavirus, a ajout\u00e9 la m\u00eame source \u00e0 l&rsquo;Agence TAP. Au gouvernorat de Bizerte, pr\u00e8s de 337 personnes, de retour r\u00e9cemment de l\u2019\u00e9tranger, poursuivent encore leur p\u00e9riode d\u2019auto-isolement \u00e0 domicile. Le nombre des analyses effectu\u00e9es depuis le 18 juin dernier a atteint 119 analyses qui se sont av\u00e9r\u00e9es toutes n\u00e9gatives, selon la m\u00eame source.<\/span><\/p>\n<p class=\"p4 c8\"><span class=\"c4\"><span class=\"s2 c7\">r <\/span><strong>C\u2019est de bon augure, et on esp\u00e8re qui ont des doutes sur leur infection par le Covid-19 fassent les tests avant de venir en Tunisie.<\/strong><\/span><\/p>\n<p class=\"p1 c2\">\u00a0<\/p>\n<p class=\"p2 c5\"><span class=\"c4\"><span class=\"s1 c3\"><strong>Gafsa r\u00e9clame une facult\u00e9<span class=\"Apple-converted-space\">\u00a0<\/span><\/strong><\/span><\/span><\/p>\n<p class=\"p2 c5\"><span class=\"c4\"><span class=\"s1 c3\"><strong>de m\u00e9decine et d&rsquo;un CHU<\/strong><\/span><\/span><\/p>\n<p class=\"p3 c6\"><span class=\"c4\">Plusieurs habitants et repr\u00e9sentants de la soci\u00e9t\u00e9 civile au gouvernorat de Gafsa ont observ\u00e9, mercredi, un sit-in pour r\u00e9clamer la cr\u00e9ation d\u2019une facult\u00e9 de m\u00e9decine et d\u2019un centre hospitalo-universitaire dans la r\u00e9gion.<\/span><\/p>\n<p class=\"p3 c6\"><span class=\"c4\">Les manifestants ont parcouru les art\u00e8res principales de la ville de Gafsa avant de se diriger au si\u00e8ge du gouvernorat, scandant des slogans qui d\u00e9noncent la d\u00e9t\u00e9rioration du syst\u00e8me de sant\u00e9 dans la r\u00e9gion.<\/span><\/p>\n<p class=\"p3 c6\"><span class=\"c4\">Le porte-parole de la coordination de la campagne lanc\u00e9e pour l\u2019am\u00e9nagement de la facult\u00e9 de m\u00e9decine et de l\u2019h\u00f4pital universitaire de Gafsa, Abdelhak Mansouri a indiqu\u00e9 que ce mouvement de protestation a pour objectif de faire la lumi\u00e8re sur la r\u00e9gression de la qualit\u00e9 des services de sant\u00e9 \u00e0 Gafsa et d&rsquo;appeler les autorit\u00e9s concern\u00e9es \u00e0 r\u00e9aliser ces deux projets.<\/span><\/p>\n<p class=\"p4 c8\"><span class=\"c4\"><span class=\"s2 c7\">r <\/span><strong>Les services de sant\u00e9 ne cessent de se d\u00e9grader, dans toutes les r\u00e9gions int\u00e9rieures, face \u00e0 un silence suspect des pouvoirs publics emp\u00eatr\u00e9s dans les tiraillements.<\/strong><\/span><\/p>\n<p class=\"p1 c2\">\u00a0<\/p>\n<p class=\"p2 c5\"><span class=\"c4\"><span class=\"s1 c3\"><strong>Projet \u00ab Elife \u00bb<span class=\"Apple-converted-space\">\u00a0<\/span><\/strong><\/span><\/span><\/p>\n<p class=\"p2 c5\"><span class=\"c4\"><span class=\"s1 c3\"><strong>pour l&rsquo;insertion des jeunes<\/strong><\/span><\/span><\/p>\n<p class=\"p3 c6\"><span class=\"c4\">Un partenariat a \u00e9t\u00e9 lanc\u00e9, le 7 juillet entre l\u2019Union europ\u00e9enne, Expertise France et la Fondation Tunisie pour le d\u00e9veloppement, afin de mettre en \u0153uvre le projet \u00ab Elife \u00bb dont l\u2019objectif est de mettre en place 10 hubs de technologie, de formation et de culture dans 10 des r\u00e9gions les plus marginalis\u00e9es et d\u00e9favoris\u00e9es de l\u2019int\u00e9rieur de la Tunisie. Subventionn\u00e9 \u00e0 hauteur de 1,6 million d\u2019euros (l\u2019\u00e9quivalent de 5 millions de dinars) par l\u2019UE et Expertise France, ce projet entend mettre \u00e0 niveau les jeunes dipl\u00f4m\u00e9s afin de faciliter l\u2019insertion professionnelle et de r\u00e9duire cette inad\u00e9quation entre la formation et les besoins du march\u00e9 du travail en termes de comp\u00e9tences, notamment dans le secteur des TIC, indique un communiqu\u00e9 publi\u00e9 mercredi, par l\u2019Union europ\u00e9enne. Ce dispositif qui repose sur un programme de certification agr\u00e9\u00e9 par la Conf\u00e9rence des grandes \u00e9coles permettra d\u2019accueillir \u00e0 terme 5000 apprenants par an, dipl\u00f4m\u00e9s des ISET ou \u00e9quivalent dans des secteurs TIC, et d&rsquo;incuber 80 jeunes porteurs d\u2019id\u00e9es de projets.<\/span><\/p>\n<p class=\"p4 c8\"><span class=\"c4\"><span class=\"s2 c7\">r <\/span><strong>Des projets existent, mais nombreux sont ceux qui n\u2019arrivent pas \u00e0 terme. Le principal est de conna\u00eetre les raisons des d\u00e9faillances.<span class=\"Apple-converted-space\">\u00a0<\/span><\/strong><\/span><\/p>\n<p class=\"p1 c2\">\u00a0<\/p>\n<p class=\"p2 c5\"><span class=\"c4\"><span class=\"s1 c3\"><strong>Reprise des stages de formation<span class=\"Apple-converted-space\">\u00a0<\/span><\/strong><\/span><\/span><\/p>\n<p class=\"p2 c5\"><span class=\"c4\"><span class=\"s1 c3\"><strong>\u00e0 l&rsquo;\u00e9tranger pour les \u00e9tudiants<\/strong><\/span><\/span><\/p>\n<p class=\"p3 c6\"><span class=\"c4\">Le minist\u00e8re de l&rsquo;Enseignement sup\u00e9rieur et de la Recherche scientifique a annonc\u00e9 la reprise \u00e0 partir du mois de septembre 2020, des stages de formation \u00e0 l&rsquo;\u00e9tranger pour les \u00e9tudiants, dans le cadre de l&rsquo;octroi des bourses au titre de l&rsquo;ann\u00e9e universitaire 2019-2020.<\/span><\/p>\n<p class=\"p3 c6\"><span class=\"c4\">Cette d\u00e9cision intervient, selon un communiqu\u00e9 publi\u00e9 par le minist\u00e8re, \u00e0 la lumi\u00e8re de l&rsquo;am\u00e9lioration de la situation \u00e9pid\u00e9miologique relative au Coronavirus dans le monde. Le Minist\u00e8re de l&rsquo;Enseignement sup\u00e9rieur a soulign\u00e9 que la reprise des stages de formation, reste tributaire de l&rsquo;\u00e9volution \u00e9pid\u00e9miologique dans le monde, afin d&rsquo;assurer la s\u00e9curit\u00e9 des \u00e9tudiants.<\/span><\/p>\n<p class=\"p4 c8\"><span class=\"c4\"><span class=\"s2 c7\">r <\/span><strong>Une bonne nouvelle pour les \u00e9tudiants qui voient un ralentissement de leur carri\u00e8re, surtout que de nombreux pays sont, actuellement, class\u00e9s dans le rouge.<\/strong><\/span><\/p>\n<p class=\"p1 c2\">\u00a0<\/p>\n<p class=\"p2 c5\"><span class=\"c4\"><span class=\"s1 c3\"><strong>Appel \u00e0 la Belgique pour rouvrir ses fronti\u00e8res avec la Tunisie<\/strong><\/span><\/span><\/p>\n<p class=\"p3 c6\"><span class=\"c4\">Le ministre du Tourisme et de l\u2019Artisanat, Mohamed Ali Toumi a appel\u00e9 mercredi, l\u2019ambassadeur de Belgique \u00e0 Tunis, Christophe de Bassompierre \u00e0 intervenir aupr\u00e8s de son gouvernement afin de revoir sa d\u00e9cision de prolonger les d\u00e9lais de fermeture des fronti\u00e8res belges avec certains pays, dont la Tunisie. \u00ab\u00a0La Tunisie compte parmi les quelques pays qui ont r\u00e9ussi \u00e0 endiguer la pand\u00e9mie de Covid-19\u00a0\u00bb, a assur\u00e9 le ministre lors d\u2019un entretien avec l\u2019ambassadeur de Belgique au si\u00e8ge du minist\u00e8re. De son c\u00f4t\u00e9, l\u2019ambassadeur a promis de transmettre la demande aux autorit\u00e9s concern\u00e9es dans son pays afin de rouvrir les fronti\u00e8res belges \u00e0 la Tunisie, soulignant que la Belgique envisage de soutenir la coop\u00e9ration bilat\u00e9rale en mati\u00e8re de tourisme.<\/span><\/p>\n<p class=\"p3 c6\"><span class=\"c4\"><strong>* Les pays europ\u00e9ens ont la g\u00e2chette facile pour nous sanctionner. La Belgique l\u2019a fait, parce qu\u2019elle a \u00e9t\u00e9 class\u00e9e \u00ab orange \u00bb dans la liste anti-Covid.<\/strong><\/span><\/p>\n<p>Auteur: letemps1<br \/>\n<a href=\"http:\/\/www.letemps.com.tn\/article\/115528\/de-partout%E2%80%A6-de-partout%E2%80%A6\">Cliquez ici pour lire l&rsquo;article depuis sa source.<\/a><\/p>\n","protected":false},"excerpt":{"rendered":"<p>\u00a0 Le nouveau gouverneur\u00a0 de K\u00e9bili pr\u00eate serment Le nouveau gouverneur de K\u00e9bili Moncef Chlaghmia a pr\u00eat\u00e9 serment devant le pr\u00e9sident de la R\u00e9publique, Ka\u00efs Sa\u00efed au cours d&rsquo;une c\u00e9r\u00e9monie tenue, hier, au Palais de Carthage, indique un communiqu\u00e9 de la pr\u00e9sidence de la R\u00e9publique. La c\u00e9r\u00e9monie s&rsquo;est d\u00e9roul\u00e9e en pr\u00e9sence du ministre de l&rsquo;Int\u00e9rieur, [&hellip;]<\/p>\n","protected":false},"author":1773,"featured_media":0,"comment_status":"closed","ping_status":"closed","sticky":false,"template":"","format":"standard","meta":{"fifu_image_url":"","fifu_image_alt":"","footnotes":""},"categories":[73,55],"tags":[],"class_list":["post-91894","post","type-post","status-publish","format-standard","hentry","category-actualite","category-tunisie"],"_links":{"self":[{"href":"https:\/\/linitiative.ca\/International\/wp-json\/wp\/v2\/posts\/91894","targetHints":{"allow":["GET"]}}],"collection":[{"href":"https:\/\/linitiative.ca\/International\/wp-json\/wp\/v2\/posts"}],"about":[{"href":"https:\/\/linitiative.ca\/International\/wp-json\/wp\/v2\/types\/post"}],"author":[{"embeddable":true,"href":"https:\/\/linitiative.ca\/International\/wp-json\/wp\/v2\/users\/1773"}],"replies":[{"embeddable":true,"href":"https:\/\/linitiative.ca\/International\/wp-json\/wp\/v2\/comments?post=91894"}],"version-history":[{"count":0,"href":"https:\/\/linitiative.ca\/International\/wp-json\/wp\/v2\/posts\/91894\/revisions"}],"wp:attachment":[{"href":"https:\/\/linitiative.ca\/International\/wp-json\/wp\/v2\/media?parent=91894"}],"wp:term":[{"taxonomy":"category","embeddable":true,"href":"https:\/\/linitiative.ca\/International\/wp-json\/wp\/v2\/categories?post=91894"},{"taxonomy":"post_tag","embeddable":true,"href":"https:\/\/linitiative.ca\/International\/wp-json\/wp\/v2\/tags?post=91894"}],"curies":[{"name":"wp","href":"https:\/\/api.w.org\/{rel}","templated":true}]}}