{"id":91896,"date":"2020-07-10T10:45:36","date_gmt":"2020-07-10T14:45:36","guid":{"rendered":"https:\/\/linitiative.ca\/International\/la-clientele-francaise-pourrait-elle-sauver-la-saison\/"},"modified":"2020-07-10T10:45:36","modified_gmt":"2020-07-10T14:45:36","slug":"la-clientele-francaise-pourrait-elle-sauver-la-saison","status":"publish","type":"post","link":"https:\/\/linitiative.ca\/International\/la-clientele-francaise-pourrait-elle-sauver-la-saison\/","title":{"rendered":"La client\u00e8le fran\u00e7aise  pourrait-elle sauver la saison?"},"content":{"rendered":"<p><strong>LE TEMPS &#8211; Kamel BOUAOUINA<\/strong><\/p>\n<p><span class=\"c2\">Les fran\u00e7ais peuvent partir sans trop de probl\u00e8me, principalement dans l\u2019espace europ\u00e9en. La vente de billets d\u2019avion progresse, les r\u00e9servations en France semblent bien parties. Les Fran\u00e7ais veulent venir en Tunisie. Avec une cinquantaine de d\u00e9c\u00e8s d\u00e9plor\u00e9s et seulement 1.100 cas d\u00e9clar\u00e9s d&rsquo;infections par le Covid-19, la Tunisie est l&rsquo;un des rares pays du monde \u00e0 avoir \u00e9chapp\u00e9 \u00e0 la pand\u00e9mie.<\/span><\/p>\n<p><span class=\"c2\">Le protocole sanitaire avec des mesures barri\u00e8res mis en place par les autorit\u00e9s tunisiennes dans les transports, les h\u00f4tels, les mus\u00e9es et les sites touristiques pour garantir aux vacanciers des s\u00e9jours en toute s\u00e9curit\u00e9 \u00ab\u00a0safe\u00a0\u00bb semblent avoir rassur\u00e9.<br \/>Hakim Tounsi est un professionnel reconnu du tourisme. Il est Directeur G\u00e9n\u00e9ral d&rsquo;un Tour-op\u00e9rateur \u00e0 Paris. Il estime que le protocole sanitaire est globalement acceptable. Le march\u00e9 fran\u00e7ais pr\u00e9sente encore des opportunit\u00e9s pour la Tunisie cet \u00e9t\u00e9 2020, malgr\u00e9 les h\u00e9sitations et les retards pris pour l&rsquo;annonce officielle d&rsquo;un protocole sanitaire viable, s\u00e9curisant et acceptable pour les estivants.<\/span><\/p>\n<p>Des opportunit\u00e9s<br \/>\u00e0 exploiter<br \/>Compte-tenu du froid politique entre la France et la Turquie et du haut niveau de propagation du Covid-19 en Egypte, la Tunisie aurait pu \u00eatre la destination refuge, le paradis inesp\u00e9r\u00e9 pour les fran\u00e7ais pour cet \u00e9t\u00e9 2020. La France a \u00e9t\u00e9 class\u00e9e \u00ab orange \u00bb (pays pr\u00e9sentant un risque moyen de contamination par le Covid-19) par le minist\u00e8re de la Sant\u00e9, d\u00e8s l&rsquo;ouverture des fronti\u00e8res Schengen le 1er juillet prochain, les personnes r\u00e9sidentes en France quelle que soit leur nationalit\u00e9 pourront se rendre en vacances en Tunisie en pr\u00e9sentant \u00e0 l&#8217;embarquement un test RT-PCR n\u00e9gatif de moins de 120 heures (5 jours). Mais, elle est rapidement pass\u00e9e au vert, sans aucune contrainte.<br \/>L&rsquo;occupation des h\u00f4tels sera limit\u00e9e \u00e0 50% de leur capacit\u00e9 d&rsquo;accueil ce qui contribuera au respect du protocole sanitaire sur les plages, autour des piscines, dans les bars, les restaurants et dans toutes les parties communes des h\u00f4tels. Il faudra s&rsquo;attendre \u00e0 une sensible am\u00e9lioration de la qualit\u00e9 de service dans les h\u00f4tels tunisiens cet \u00e9t\u00e9 du fait de la limitation \u00e0 50% du taux d&rsquo;occupation.<\/p>\n<p>L&rsquo;a\u00e9rien doit suivre<br \/>Hakim Tounsi estime que \u00ab la Tunisie peut encore pr\u00e9tendre \u00e0 une part de la client\u00e8le estivale fran\u00e7aise car les choix pour les fran\u00e7ais ne seront pas tr\u00e8s nombreux, la capacit\u00e9 d&rsquo;accueil en France ne pourra pas r\u00e9pondre \u00e0 toute la demande, les prix seront tr\u00e8s \u00e9lev\u00e9s. L&rsquo;alternative tunisienne pour un plan de vacances paisibles \u00e0 des budgets abordables est tr\u00e8s tentante pour beaucoup d&rsquo;adeptes de la Tunisie, encore faudrait-il que la destination soit capable d&rsquo;offrir le stock a\u00e9rien n\u00e9cessaire pour r\u00e9pondre \u00e0 la demande dans des conditions tarifaires raisonnables. Concernant Tunisair, et pour lui permettre de contribuer au maximum \u00e0 la r\u00e9ussite de ce qui peut \u00eatre sauv\u00e9 au niveau du tourisme, du retour des TRE et afin d&rsquo;aider l&rsquo;\u00e9conomie tunisienne plus globalement, je sugg\u00e8re \u00e0 Anouar Ma\u00e2rouf notre ministre des Transports de d\u00e9bloquer \u00e0 la compagnie nationale le budget n\u00e9cessaire pour un fonctionnement optimal et sans risques en s&rsquo;accordant un sursis pour ces 2 mois d&rsquo;\u00e9t\u00e9 et en remettant l&rsquo;essentiel des d\u00e9cisions sur le fond pour apr\u00e8s le mois d&rsquo;ao\u00fbt \u00bb.<br \/>K.B.<\/p>\n<p>Auteur: letemps1<br \/>\n<a href=\"http:\/\/www.letemps.com.tn\/article\/115531\/la-client%C3%A8le-fran%C3%A7aise-pourrait-elle-sauver-la-saison\">Cliquez ici pour lire l&rsquo;article depuis sa source.<\/a><\/p>\n","protected":false},"excerpt":{"rendered":"<p>LE TEMPS &#8211; Kamel BOUAOUINA Les fran\u00e7ais peuvent partir sans trop de probl\u00e8me, principalement dans l\u2019espace europ\u00e9en. La vente de billets d\u2019avion progresse, les r\u00e9servations en France semblent bien parties. Les Fran\u00e7ais veulent venir en Tunisie. Avec une cinquantaine de d\u00e9c\u00e8s d\u00e9plor\u00e9s et seulement 1.100 cas d\u00e9clar\u00e9s d&rsquo;infections par le Covid-19, la Tunisie est l&rsquo;un [&hellip;]<\/p>\n","protected":false},"author":1773,"featured_media":0,"comment_status":"closed","ping_status":"closed","sticky":false,"template":"","format":"standard","meta":{"fifu_image_url":"","fifu_image_alt":"","footnotes":""},"categories":[73,55],"tags":[],"class_list":["post-91896","post","type-post","status-publish","format-standard","hentry","category-actualite","category-tunisie"],"_links":{"self":[{"href":"https:\/\/linitiative.ca\/International\/wp-json\/wp\/v2\/posts\/91896","targetHints":{"allow":["GET"]}}],"collection":[{"href":"https:\/\/linitiative.ca\/International\/wp-json\/wp\/v2\/posts"}],"about":[{"href":"https:\/\/linitiative.ca\/International\/wp-json\/wp\/v2\/types\/post"}],"author":[{"embeddable":true,"href":"https:\/\/linitiative.ca\/International\/wp-json\/wp\/v2\/users\/1773"}],"replies":[{"embeddable":true,"href":"https:\/\/linitiative.ca\/International\/wp-json\/wp\/v2\/comments?post=91896"}],"version-history":[{"count":0,"href":"https:\/\/linitiative.ca\/International\/wp-json\/wp\/v2\/posts\/91896\/revisions"}],"wp:attachment":[{"href":"https:\/\/linitiative.ca\/International\/wp-json\/wp\/v2\/media?parent=91896"}],"wp:term":[{"taxonomy":"category","embeddable":true,"href":"https:\/\/linitiative.ca\/International\/wp-json\/wp\/v2\/categories?post=91896"},{"taxonomy":"post_tag","embeddable":true,"href":"https:\/\/linitiative.ca\/International\/wp-json\/wp\/v2\/tags?post=91896"}],"curies":[{"name":"wp","href":"https:\/\/api.w.org\/{rel}","templated":true}]}}