{"id":91899,"date":"2020-07-10T15:13:21","date_gmt":"2020-07-10T19:13:21","guid":{"rendered":"https:\/\/linitiative.ca\/International\/ligue-1-2-ess-boussouf-sengage-en-faveur-de\/"},"modified":"2020-07-10T15:13:21","modified_gmt":"2020-07-10T19:13:21","slug":"ligue-1-2-ess-boussouf-sengage-en-faveur-de","status":"publish","type":"post","link":"https:\/\/linitiative.ca\/International\/ligue-1-2-ess-boussouf-sengage-en-faveur-de\/","title":{"rendered":"Ligue 1 &amp; 2 : ESS: Boussouf s\u2019engage en faveur de \u2026"},"content":{"rendered":"<div readability=\"32\">\n<p>Auteur : <span class=\"time\">vendredi 10 juillet 2020 16:18<\/span><\/p>\n<\/div>\n<div id=\"post_core\" readability=\"44\">\n<p>Le jeune et tr\u00e8s prometteur joueur de l\u2019Entente de S\u00e9tif, Ishak Boussouf s\u2019est engag\u00e9 en faveur du club de Lommel, pensionnaire de deuxi\u00e8me division belge. Boussouf rejoindra ce club, satellite de Manchester City, pour les cinq prochaines ann\u00e9es. Boussouf sera, dans un premier temps, pr\u00eat\u00e9 \u00e0 Courtrai. Boussouf pourrait \u00e9galement \u00eatre pr\u00eat\u00e9, lors de la deuxi\u00e8me saison, pour le club du PSV Eindhoven, avant peut \u00eatre d\u2019atterrir \u00e0 Manchester City lors de la troisi\u00e8me saison.<\/p>\n<p><strong>Publi\u00e9 dans :<\/strong> <span>Boussouf<\/span><\/p>\n<\/div>\n<p>Auteur:<br \/>\n<a href=\"http:\/\/www.lebuteur.com\/article\/detail?titre=ess-boussouf-sengage-en-faveur-de-%E2%80%A6&#038;id=96549&#038;utm_source=feedburner&#038;utm_medium=feed&#038;utm_campaign=Feed%3A+GalerieFArtciles+%28Les+derniers+articles++-+lebuteur.com%29\">Cliquez ici pour lire l&rsquo;article depuis sa source.<\/a><\/p>\n","protected":false},"excerpt":{"rendered":"<p>Auteur : vendredi 10 juillet 2020 16:18 Le jeune et tr\u00e8s prometteur joueur de l\u2019Entente de S\u00e9tif, Ishak Boussouf s\u2019est engag\u00e9 en faveur du club de Lommel, pensionnaire de deuxi\u00e8me division belge. Boussouf rejoindra ce club, satellite de Manchester City, pour les cinq prochaines ann\u00e9es. Boussouf sera, dans un premier temps, pr\u00eat\u00e9 \u00e0 Courtrai. Boussouf [&hellip;]<\/p>\n","protected":false},"author":1738,"featured_media":91900,"comment_status":"closed","ping_status":"closed","sticky":false,"template":"","format":"standard","meta":{"fifu_image_url":"","fifu_image_alt":"","footnotes":""},"categories":[53,75],"tags":[],"class_list":["post-91899","post","type-post","status-publish","format-standard","has-post-thumbnail","hentry","category-algerie","category-sport"],"_links":{"self":[{"href":"https:\/\/linitiative.ca\/International\/wp-json\/wp\/v2\/posts\/91899","targetHints":{"allow":["GET"]}}],"collection":[{"href":"https:\/\/linitiative.ca\/International\/wp-json\/wp\/v2\/posts"}],"about":[{"href":"https:\/\/linitiative.ca\/International\/wp-json\/wp\/v2\/types\/post"}],"author":[{"embeddable":true,"href":"https:\/\/linitiative.ca\/International\/wp-json\/wp\/v2\/users\/1738"}],"replies":[{"embeddable":true,"href":"https:\/\/linitiative.ca\/International\/wp-json\/wp\/v2\/comments?post=91899"}],"version-history":[{"count":0,"href":"https:\/\/linitiative.ca\/International\/wp-json\/wp\/v2\/posts\/91899\/revisions"}],"wp:featuredmedia":[{"embeddable":true,"href":"https:\/\/linitiative.ca\/International\/wp-json\/"}],"wp:attachment":[{"href":"https:\/\/linitiative.ca\/International\/wp-json\/wp\/v2\/media?parent=91899"}],"wp:term":[{"taxonomy":"category","embeddable":true,"href":"https:\/\/linitiative.ca\/International\/wp-json\/wp\/v2\/categories?post=91899"},{"taxonomy":"post_tag","embeddable":true,"href":"https:\/\/linitiative.ca\/International\/wp-json\/wp\/v2\/tags?post=91899"}],"curies":[{"name":"wp","href":"https:\/\/api.w.org\/{rel}","templated":true}]}}