{"id":91903,"date":"2020-07-10T15:13:27","date_gmt":"2020-07-10T19:13:27","guid":{"rendered":"https:\/\/linitiative.ca\/International\/international-manchester-city-aura-sa-reponse-ce-lundi\/"},"modified":"2020-07-10T15:13:27","modified_gmt":"2020-07-10T19:13:27","slug":"international-manchester-city-aura-sa-reponse-ce-lundi","status":"publish","type":"post","link":"https:\/\/linitiative.ca\/International\/international-manchester-city-aura-sa-reponse-ce-lundi\/","title":{"rendered":"International : Manchester City aura sa r\u00e9ponse ce lundi"},"content":{"rendered":"<div readability=\"32\">\n<p>Auteur : <span class=\"time\">vendredi 10 juillet 2020 19:14<\/span><\/p>\n<\/div>\n<div id=\"post_core\" readability=\"40\">\n<p>Manchester City va \u00eatre fix\u00e9 sur son avenir proche ce lundi. Suspendu deux ans de Coupes d&rsquo;Europe par l&rsquo;UEFA en f\u00e9vrier dernier pour non-respect du fair-play financier, le club anglais a depuis fait appel et le Tribunal arbitral du sport a indiqu\u00e9 qu&rsquo;il communiquera, lundi \u00e0 09h30, sa d\u00e9cision comme le rapporte France Football.<\/p>\n<p><strong>Publi\u00e9 dans :<\/strong> <span>Manchester City<\/span><\/p>\n<\/div>\n<p>Auteur:<br \/>\n<a href=\"http:\/\/www.lebuteur.com\/article\/detail?titre=manchester-city-aura-sa-reponse-ce-lundi&#038;id=96551&#038;utm_source=feedburner&#038;utm_medium=feed&#038;utm_campaign=Feed%3A+GalerieFArtciles+%28Les+derniers+articles++-+lebuteur.com%29\">Cliquez ici pour lire l&rsquo;article depuis sa source.<\/a><\/p>\n","protected":false},"excerpt":{"rendered":"<p>Auteur : vendredi 10 juillet 2020 19:14 Manchester City va \u00eatre fix\u00e9 sur son avenir proche ce lundi. Suspendu deux ans de Coupes d&rsquo;Europe par l&rsquo;UEFA en f\u00e9vrier dernier pour non-respect du fair-play financier, le club anglais a depuis fait appel et le Tribunal arbitral du sport a indiqu\u00e9 qu&rsquo;il communiquera, lundi \u00e0 09h30, sa [&hellip;]<\/p>\n","protected":false},"author":1738,"featured_media":91904,"comment_status":"closed","ping_status":"closed","sticky":false,"template":"","format":"standard","meta":{"fifu_image_url":"","fifu_image_alt":"","footnotes":""},"categories":[53,75],"tags":[],"class_list":["post-91903","post","type-post","status-publish","format-standard","has-post-thumbnail","hentry","category-algerie","category-sport"],"_links":{"self":[{"href":"https:\/\/linitiative.ca\/International\/wp-json\/wp\/v2\/posts\/91903","targetHints":{"allow":["GET"]}}],"collection":[{"href":"https:\/\/linitiative.ca\/International\/wp-json\/wp\/v2\/posts"}],"about":[{"href":"https:\/\/linitiative.ca\/International\/wp-json\/wp\/v2\/types\/post"}],"author":[{"embeddable":true,"href":"https:\/\/linitiative.ca\/International\/wp-json\/wp\/v2\/users\/1738"}],"replies":[{"embeddable":true,"href":"https:\/\/linitiative.ca\/International\/wp-json\/wp\/v2\/comments?post=91903"}],"version-history":[{"count":0,"href":"https:\/\/linitiative.ca\/International\/wp-json\/wp\/v2\/posts\/91903\/revisions"}],"wp:featuredmedia":[{"embeddable":true,"href":"https:\/\/linitiative.ca\/International\/wp-json\/"}],"wp:attachment":[{"href":"https:\/\/linitiative.ca\/International\/wp-json\/wp\/v2\/media?parent=91903"}],"wp:term":[{"taxonomy":"category","embeddable":true,"href":"https:\/\/linitiative.ca\/International\/wp-json\/wp\/v2\/categories?post=91903"},{"taxonomy":"post_tag","embeddable":true,"href":"https:\/\/linitiative.ca\/International\/wp-json\/wp\/v2\/tags?post=91903"}],"curies":[{"name":"wp","href":"https:\/\/api.w.org\/{rel}","templated":true}]}}