{"id":91910,"date":"2020-07-10T11:25:00","date_gmt":"2020-07-10T15:25:00","guid":{"rendered":"https:\/\/linitiative.ca\/International\/covid-19-oran-sera-dote-dun-laboratoire-danalyses-pcr\/"},"modified":"2020-07-10T11:25:00","modified_gmt":"2020-07-10T15:25:00","slug":"covid-19-oran-sera-dote-dun-laboratoire-danalyses-pcr","status":"publish","type":"post","link":"https:\/\/linitiative.ca\/International\/covid-19-oran-sera-dote-dun-laboratoire-danalyses-pcr\/","title":{"rendered":"COVID 19 : Oran sera dot\u00e9 d&rsquo;un laboratoire d&rsquo;analyses PCR"},"content":{"rendered":"<p><br id=\"sep_para_1\" class=\"sep_para access\"\/><\/p>\n<div id=\"para_1\" class=\"para_37839031 resize\">\n<div class=\"texte access firstletter\">De sources proches des services de la wilaya d&rsquo;Oran, &lsquo;on nous informe qu&rsquo;une formation sp\u00e9cialis\u00e9e ciblant le corps m\u00e9dical exer\u00e7ant dans les services du Covid-19 au niveau des \u00e9tablissements hospitaliers \u00e0 l&rsquo;\u00e9chelle nationale, sera int\u00e9gr\u00e9e au programme en vue de sa qualification. Cette formation sp\u00e9cialis\u00e9e s\u2019assigne comme objectif :\u00a0 \u00ab\u00a0la mise \u00e0 niveau du corps m\u00e9dical, (praticiens sp\u00e9cialistes et g\u00e9n\u00e9ralistes,) exer\u00e7ant dans les services du Covid-19 des \u00e9tablissements hospitaliers, en vue de leur permettre de g\u00e9rer cette pand\u00e9mie, notamment dans ses phases de d\u00e9pistage et de traitement Il est \u00e0 noter que la wilaya d&rsquo;Oran enregistre 1163 cas. La strat\u00e9gie du minist\u00e8re de tutelle vise \u00e0 conf\u00e9rer davantage d\u2019efficacit\u00e9 aux activit\u00e9s du corps m\u00e9dical et param\u00e9dical exer\u00e7ant aux services du\u00a0 Covid-19 au niveau des structures hospitali\u00e8res, cr\u00e9\u00e9es depuis l\u2019apparition du Coronavirus\u00a0\u00bb, \u00ab\u00a0Un laboratoire d\u2019analyses et de tests du Coronavirus sera ouvert au niveau de chaque wilaya\u00a0\u00bb, a annonc\u00e9, notre interlocuteur. Par ailleurs, le minist\u00e8re de la sant\u00e9\u00a0 et de la r\u00e9forme hospitali\u00e8re a fait part \u00e9galement d\u2019\u00e9ventuels examens et programmations de nouveaux h\u00f4pitaux pour une prise en charge optimale des malades.\u00a0 L\u2019Etat est d\u00e9termin\u00e9 \u00e0 trouver une solution radicale aux probl\u00e8mes qui risquent d\u2019hypoth\u00e9quer la meilleure prise en charge des malades.\u00a0\u00a0\u00a0<\/div>\n<\/div>\n<p>Auteur: Medjadji H.<br \/>\n<a href=\"https:\/\/www.reflexiondz.net\/COVID-19-Oran-sera-dote-d-un-laboratoire-d-analyses-PCR_a63877.html\">Cliquez ici pour lire l&rsquo;article depuis sa source.<\/a><\/p>\n","protected":false},"excerpt":{"rendered":"<p>De sources proches des services de la wilaya d&rsquo;Oran, &lsquo;on nous informe qu&rsquo;une formation sp\u00e9cialis\u00e9e ciblant le corps m\u00e9dical exer\u00e7ant dans les services du Covid-19 au niveau des \u00e9tablissements hospitaliers \u00e0 l&rsquo;\u00e9chelle nationale, sera int\u00e9gr\u00e9e au programme en vue de sa qualification. Cette formation sp\u00e9cialis\u00e9e s\u2019assigne comme objectif :\u00a0 \u00ab\u00a0la mise \u00e0 niveau du corps [&hellip;]<\/p>\n","protected":false},"author":1740,"featured_media":0,"comment_status":"closed","ping_status":"closed","sticky":false,"template":"","format":"standard","meta":{"fifu_image_url":"","fifu_image_alt":"","footnotes":""},"categories":[53,76],"tags":[],"class_list":["post-91910","post","type-post","status-publish","format-standard","hentry","category-algerie","category-regions"],"_links":{"self":[{"href":"https:\/\/linitiative.ca\/International\/wp-json\/wp\/v2\/posts\/91910","targetHints":{"allow":["GET"]}}],"collection":[{"href":"https:\/\/linitiative.ca\/International\/wp-json\/wp\/v2\/posts"}],"about":[{"href":"https:\/\/linitiative.ca\/International\/wp-json\/wp\/v2\/types\/post"}],"author":[{"embeddable":true,"href":"https:\/\/linitiative.ca\/International\/wp-json\/wp\/v2\/users\/1740"}],"replies":[{"embeddable":true,"href":"https:\/\/linitiative.ca\/International\/wp-json\/wp\/v2\/comments?post=91910"}],"version-history":[{"count":0,"href":"https:\/\/linitiative.ca\/International\/wp-json\/wp\/v2\/posts\/91910\/revisions"}],"wp:attachment":[{"href":"https:\/\/linitiative.ca\/International\/wp-json\/wp\/v2\/media?parent=91910"}],"wp:term":[{"taxonomy":"category","embeddable":true,"href":"https:\/\/linitiative.ca\/International\/wp-json\/wp\/v2\/categories?post=91910"},{"taxonomy":"post_tag","embeddable":true,"href":"https:\/\/linitiative.ca\/International\/wp-json\/wp\/v2\/tags?post=91910"}],"curies":[{"name":"wp","href":"https:\/\/api.w.org\/{rel}","templated":true}]}}