{"id":91912,"date":"2020-07-10T11:25:00","date_gmt":"2020-07-10T15:25:00","guid":{"rendered":"https:\/\/linitiative.ca\/International\/mascara-un-nouveau-directeur-a-lhopital-yssaad-khaled\/"},"modified":"2020-07-10T11:25:00","modified_gmt":"2020-07-10T15:25:00","slug":"mascara-un-nouveau-directeur-a-lhopital-yssaad-khaled","status":"publish","type":"post","link":"https:\/\/linitiative.ca\/International\/mascara-un-nouveau-directeur-a-lhopital-yssaad-khaled\/","title":{"rendered":"MASCARA : Un nouveau directeur \u00e0 l\u2019h\u00f4pital \u2018\u2019Yssaad Khaled\u2019\u2019"},"content":{"rendered":"<p><br id=\"sep_para_1\" class=\"sep_para access\"\/><\/p>\n<div id=\"para_1\" class=\"para_37839005 resize\">\n<div class=\"texte access firstletter\">Le ministre de la sant\u00e9, de la population et de la r\u00e9forme hospitali\u00e8re, vient de nommer, Ali Boutefaha, directeur de l\u2019\u00e9tablissement public hospitalier \u00ab\u00a0Yssaad Khaled\u00a0\u00bb de Mascara, poste rest\u00e9 vacant depuis le limogeage de son pr\u00e9d\u00e9cesseur, il y a pr\u00e8s d&rsquo;un mois. Le nouveau directeur a auparavant exerc\u00e9 la m\u00eame fonction, aux EPH de Ghriss et \u00ab\u00a0Meslem Tayeb de Mascara, et comme directeur adjoint des finances et des moyens au niveau de l&rsquo;EPH de Sig. Beaucoup de travail attend le nouveau directeur \u00e0 l\u2019h\u00f4pital \u00ab\u00a0Yssaad Khaled\u00a0\u00bb, \u00e9tant l\u2019h\u00f4pital de r\u00e9f\u00e9rence qui prend en charge les malades atteints du coronavirus, et qui a connu des probl\u00e8mes de gestion. D&rsquo;autre part, on a appris aussi, que le ministre de tutelle vient aussi de mettre fin aux fonctions du directeur de l&rsquo;EPH de Mohammadia. Le directeur de celui de Sig a quant \u00e0 lui d\u00e9pos\u00e9 sa d\u00e9mission.\u00a0<\/div>\n<\/div>\n<p>Auteur: Sahraoui Lahcene<br \/>\n<a href=\"https:\/\/www.reflexiondz.net\/MASCARA-Un-nouveau-directeur-a-l-hopital-Yssaad-Khaled_a63874.html\">Cliquez ici pour lire l&rsquo;article depuis sa source.<\/a><\/p>\n","protected":false},"excerpt":{"rendered":"<p>Le ministre de la sant\u00e9, de la population et de la r\u00e9forme hospitali\u00e8re, vient de nommer, Ali Boutefaha, directeur de l\u2019\u00e9tablissement public hospitalier \u00ab\u00a0Yssaad Khaled\u00a0\u00bb de Mascara, poste rest\u00e9 vacant depuis le limogeage de son pr\u00e9d\u00e9cesseur, il y a pr\u00e8s d&rsquo;un mois. Le nouveau directeur a auparavant exerc\u00e9 la m\u00eame fonction, aux EPH de Ghriss [&hellip;]<\/p>\n","protected":false},"author":1740,"featured_media":0,"comment_status":"closed","ping_status":"closed","sticky":false,"template":"","format":"standard","meta":{"fifu_image_url":"","fifu_image_alt":"","footnotes":""},"categories":[53,76],"tags":[],"class_list":["post-91912","post","type-post","status-publish","format-standard","hentry","category-algerie","category-regions"],"_links":{"self":[{"href":"https:\/\/linitiative.ca\/International\/wp-json\/wp\/v2\/posts\/91912","targetHints":{"allow":["GET"]}}],"collection":[{"href":"https:\/\/linitiative.ca\/International\/wp-json\/wp\/v2\/posts"}],"about":[{"href":"https:\/\/linitiative.ca\/International\/wp-json\/wp\/v2\/types\/post"}],"author":[{"embeddable":true,"href":"https:\/\/linitiative.ca\/International\/wp-json\/wp\/v2\/users\/1740"}],"replies":[{"embeddable":true,"href":"https:\/\/linitiative.ca\/International\/wp-json\/wp\/v2\/comments?post=91912"}],"version-history":[{"count":0,"href":"https:\/\/linitiative.ca\/International\/wp-json\/wp\/v2\/posts\/91912\/revisions"}],"wp:attachment":[{"href":"https:\/\/linitiative.ca\/International\/wp-json\/wp\/v2\/media?parent=91912"}],"wp:term":[{"taxonomy":"category","embeddable":true,"href":"https:\/\/linitiative.ca\/International\/wp-json\/wp\/v2\/categories?post=91912"},{"taxonomy":"post_tag","embeddable":true,"href":"https:\/\/linitiative.ca\/International\/wp-json\/wp\/v2\/tags?post=91912"}],"curies":[{"name":"wp","href":"https:\/\/api.w.org\/{rel}","templated":true}]}}