{"id":91913,"date":"2020-07-10T11:25:00","date_gmt":"2020-07-10T15:25:00","guid":{"rendered":"https:\/\/linitiative.ca\/International\/mascara-des-terres-agricoles-detournees-de-leur-vocation\/"},"modified":"2020-07-10T11:25:00","modified_gmt":"2020-07-10T15:25:00","slug":"mascara-des-terres-agricoles-detournees-de-leur-vocation","status":"publish","type":"post","link":"https:\/\/linitiative.ca\/International\/mascara-des-terres-agricoles-detournees-de-leur-vocation\/","title":{"rendered":"MASCARA : Des terres agricoles d\u00e9tourn\u00e9es de leur vocation"},"content":{"rendered":"<p><br id=\"sep_para_1\" class=\"sep_para access\"\/><\/p>\n<div id=\"para_1\" class=\"para_37838997 resize\">\n<div class=\"photo shadow left\"><a href=\"javascript:void(0)\" rel=\"https:\/\/www.reflexiondz.net\/photo\/art\/grande\/48046933-37838997.jpg?v=1594398675&amp;ibox\" title=\"MASCARA : Des terres agricoles d\u00e9tourn\u00e9es de leur vocation\"><img decoding=\"async\" class=\"responsive c9\" src=\"https:\/\/www.reflexiondz.net\/photo\/art\/grande\/48046933-37838997.jpg?v=1594398675\" alt=\"MASCARA : Des terres agricoles d\u00e9tourn\u00e9es de leur vocation\" title=\"MASCARA : Des terres agricoles d\u00e9tourn\u00e9es de leur vocation\"\/><img decoding=\"async\" class=\"not-responsive\" src=\"https:\/\/www.reflexiondz.net\/photo\/art\/default\/48046933-37838997.jpg?v=1594398675\" alt=\"MASCARA : Des terres agricoles d\u00e9tourn\u00e9es de leur vocation\" title=\"MASCARA : Des terres agricoles d\u00e9tourn\u00e9es de leur vocation\"\/><\/a><\/div>\n<div class=\"texte access firstletter\">H\u00e9las, il est constat\u00e9 que cette loi n\u2019est qu\u2019une encre sur papier, alors que les terres agricoles continuent \u00e0 \u00eatre d\u00e9tourn\u00e9es de leur vocation initiale, la preuve en est, au niveau d\u2019El Kouaier, une parcelle importante de terre fertile allait \u00eatre d\u00e9tourn\u00e9e pour servir d\u2019assiette pour la construction d\u2019une cit\u00e9, d\u2019ailleurs les oliviers qui l\u2019entouraient furent arrach\u00e9s pour \u00eatre transplanter ailleurs et le terrain se trouve nu. On a beau essay\u00e9 d\u2019avoir une explication au niveau de la DSA de Mascara, mais comme le Directeur n\u2019\u00e9tait pas sur place, les responsables contact\u00e9s n\u2019ont pas pu ou n\u2019ont pas voulu nous donner l\u2019explication n\u00e9cessaire pr\u00e9f\u00e9rant , nous orienter vers le Subdivisionnaire de la Da\u00efra. Certains nous ont \u2018\u2019souffl\u00e9\u2019\u2019 que cette parcelle allait abriter une cit\u00e9, apr\u00e8s des recours devant la justice qui ont dur\u00e9 des ann\u00e9es, alors\u00a0 que le propri\u00e9taire vient d\u2019obtenir\u00a0 gain de cause. Si cette parcelle arrive \u00e0 \u00eatre affect\u00e9e pour abriter une cit\u00e9, c\u2019est l\u2019ensemble des superficies qui l\u2019entourent qui vont disparaitre. On apprend en derni\u00e8re minute et de source \u00e9vasive que le PDAU allait proc\u00e9der \u00e0 une extension vers El Kouaier\u00a0 portant sur cette zone qui est enti\u00e8rement agricole, Les responsables concern\u00e9s ne sont pas communicatifs et voil\u00e0 que notre information est incompl\u00e8te, d\u2019ailleurs le quartier des 936 logements a \u00e9t\u00e9 construit sur une terre agricole et on\u00a0 a m\u00eame fait disparaitre des sources importantes, ainsi que le stade de l\u2019Unit\u00e9 Africaine et voil\u00e0 que l\u2019on cherche \u00e0 d\u00e9truire d\u2019autres espaces agricoles. Au niveau d\u2019El Kouiaer on fait de gros investissements agricoles, soit la plantation du vignoble, des arbres fruitiers en conformit\u00e9 avec les nouvelles technologies, mais si le b\u00e9ton arrive, les investissements vont \u00eatre touch\u00e9s et c\u2019est le d\u00e9p\u00f4t des bilans.<\/div>\n<\/div>\n<p>Auteur: B. Boufaden<br \/>\n<a href=\"https:\/\/www.reflexiondz.net\/MASCARA-Des-terres-agricoles-detournees-de-leur-vocation_a63873.html\">Cliquez ici pour lire l&rsquo;article depuis sa source.<\/a><\/p>\n","protected":false},"excerpt":{"rendered":"<p>H\u00e9las, il est constat\u00e9 que cette loi n\u2019est qu\u2019une encre sur papier, alors que les terres agricoles continuent \u00e0 \u00eatre d\u00e9tourn\u00e9es de leur vocation initiale, la preuve en est, au niveau d\u2019El Kouaier, une parcelle importante de terre fertile allait \u00eatre d\u00e9tourn\u00e9e pour servir d\u2019assiette pour la construction d\u2019une cit\u00e9, d\u2019ailleurs les oliviers qui l\u2019entouraient [&hellip;]<\/p>\n","protected":false},"author":1740,"featured_media":0,"comment_status":"closed","ping_status":"closed","sticky":false,"template":"","format":"standard","meta":{"fifu_image_url":"","fifu_image_alt":"","footnotes":""},"categories":[53,76],"tags":[],"class_list":["post-91913","post","type-post","status-publish","format-standard","hentry","category-algerie","category-regions"],"_links":{"self":[{"href":"https:\/\/linitiative.ca\/International\/wp-json\/wp\/v2\/posts\/91913","targetHints":{"allow":["GET"]}}],"collection":[{"href":"https:\/\/linitiative.ca\/International\/wp-json\/wp\/v2\/posts"}],"about":[{"href":"https:\/\/linitiative.ca\/International\/wp-json\/wp\/v2\/types\/post"}],"author":[{"embeddable":true,"href":"https:\/\/linitiative.ca\/International\/wp-json\/wp\/v2\/users\/1740"}],"replies":[{"embeddable":true,"href":"https:\/\/linitiative.ca\/International\/wp-json\/wp\/v2\/comments?post=91913"}],"version-history":[{"count":0,"href":"https:\/\/linitiative.ca\/International\/wp-json\/wp\/v2\/posts\/91913\/revisions"}],"wp:attachment":[{"href":"https:\/\/linitiative.ca\/International\/wp-json\/wp\/v2\/media?parent=91913"}],"wp:term":[{"taxonomy":"category","embeddable":true,"href":"https:\/\/linitiative.ca\/International\/wp-json\/wp\/v2\/categories?post=91913"},{"taxonomy":"post_tag","embeddable":true,"href":"https:\/\/linitiative.ca\/International\/wp-json\/wp\/v2\/tags?post=91913"}],"curies":[{"name":"wp","href":"https:\/\/api.w.org\/{rel}","templated":true}]}}