{"id":91931,"date":"2020-07-10T10:55:15","date_gmt":"2020-07-10T14:55:15","guid":{"rendered":"https:\/\/linitiative.ca\/International\/tunisie-interpellation-dun-individu-pour-suspicion-de-terrorisme-a-kasserine\/"},"modified":"2020-07-10T10:55:15","modified_gmt":"2020-07-10T14:55:15","slug":"tunisie-interpellation-dun-individu-pour-suspicion-de-terrorisme-a-kasserine","status":"publish","type":"post","link":"https:\/\/linitiative.ca\/International\/tunisie-interpellation-dun-individu-pour-suspicion-de-terrorisme-a-kasserine\/","title":{"rendered":"Tunisie: Interpellation d\u2019un individu pour suspicion de terrorisme \u00e0 Kasserine"},"content":{"rendered":"<div class=\"post-cont-in left relative\">\n<p>Les unit\u00e9s du district de s\u00e9curit\u00e9 nationale de Feriana dans le gouvernorat de Kasserine ont r\u00e9ussi \u00e0 arr\u00eater, vendredi, un jeune homme natif 1992, originaire de Sidi Bouzid, soup\u00e7onn\u00e9 d\u2019appartenir \u00e0 une organisation terroriste.<\/p>\n<div class=\"code-block code-block-1 c3\"><ins class=\"adsbygoogle c2\" data-ad-layout=\"in-article\" data-ad-format=\"fluid\" data-ad-client=\"ca-pub-2102118777505746\" data-ad-slot=\"7301775417\"\/> <\/div>\n<p>Selon les donn\u00e9es de l\u2019enqu\u00eate pr\u00e9liminaire, il a \u00e9t\u00e9 constat\u00e9 que le t\u00e9l\u00e9phone portable du jeune homme contient des vid\u00e9os qui glorifient une organisation terroriste et qu\u2019il communique avec une personne pr\u00e9sente en Syrie, a indiqu\u00e9 une source de s\u00e9curit\u00e9.<\/p>\n<p>Apr\u00e8s consultation du minist\u00e8re public, l\u2019unit\u00e9 de s\u00e9curit\u00e9 a \u00e9t\u00e9 autoris\u00e9e \u00e0 maintenir le suspect en d\u00e9tention et \u00e0 prendre les mesures n\u00e9cessaires juridiques \u00e0 son \u00e9gard.<\/p>\n<div class=\"swp_social_panel swp_horizontal_panel swp_flat_fresh swp_default_full_color swp_individual_full_color swp_other_full_color scale-100 scale-\" data-min-width=\"1100\" data-float-color=\"#ffffff\" data-float=\"bottom\" data-float-mobile=\"bottom\" data-transition=\"slide\">\n<div class=\"nc_tweetContainer swp_share_button total_shares total_sharesalt\"><span class=\"swp_count\">20 <span class=\"swp_label\">Partages<\/span><\/span><\/div>\n<\/div>\n<p><strong>Que se passe-t-il en Tunisie?<\/strong><br \/>Nous expliquons sur notre <a href=\"https:\/\/www.youtube.com\/channel\/UCRzypVq0B_yBad5eGrwBx0Q?sub_confirmation=1\" target=\"_blank\" rel=\"noopener noreferrer\">cha\u00eene YouTube<\/a> . <a href=\"https:\/\/www.youtube.com\/channel\/UCRzypVq0B_yBad5eGrwBx0Q?sub_confirmation=1\" target=\"_blank\" rel=\"noopener noreferrer\">Abonnez-vous!<\/a><\/p>\n<div class=\"mvp-org-wrap mvp-org-logo\" itemprop=\"publisher\" itemscope=\"\" itemtype=\"https:\/\/schema.org\/Organization\"><img decoding=\"async\" src=\"https:\/\/www.tunisienumerique.com\/wp-content\/uploads\/2017\/02\/logo_tunisie_numerique.png\"\/><\/div>\n<div class=\"mvp-related-posts left relative\">\n<h4 class=\"post-header\"><span class=\"post-header\">Lire aussi<\/span><\/h4>\n<\/div>\n<div id=\"article-ad\"><ins class=\"adsbygoogle c4\" data-ad-client=\"ca-pub-2102118777505746\" data-ad-slot=\"6513972734\" data-ad-format=\"auto\" data-full-width-responsive=\"true\"\/> <\/div>\n<\/div>\n<div id=\"post-sidebar-wrap\"><ins class=\"adsbygoogle c4\" data-ad-client=\"ca-pub-2102118777505746\" data-ad-slot=\"6168283410\" data-ad-format=\"auto\" data-full-width-responsive=\"true\"\/> <\/div>\n<p>Auteur: Mourad S<br \/>\n<a href=\"https:\/\/www.tunisienumerique.com\/tunisie-interpellation-dun-individu-pour-suspicion-de-terrorisme-a-kasserine\/\">Cliquez ici pour lire l&rsquo;article depuis sa source.<\/a><\/p>\n","protected":false},"excerpt":{"rendered":"<p>Les unit\u00e9s du district de s\u00e9curit\u00e9 nationale de Feriana dans le gouvernorat de Kasserine ont r\u00e9ussi \u00e0 arr\u00eater, vendredi, un jeune homme natif 1992, originaire de Sidi Bouzid, soup\u00e7onn\u00e9 d\u2019appartenir \u00e0 une organisation terroriste. Selon les donn\u00e9es de l\u2019enqu\u00eate pr\u00e9liminaire, il a \u00e9t\u00e9 constat\u00e9 que le t\u00e9l\u00e9phone portable du jeune homme contient des vid\u00e9os qui [&hellip;]<\/p>\n","protected":false},"author":1789,"featured_media":91932,"comment_status":"closed","ping_status":"closed","sticky":false,"template":"","format":"standard","meta":{"fifu_image_url":"","fifu_image_alt":"","footnotes":""},"categories":[73,55],"tags":[],"class_list":["post-91931","post","type-post","status-publish","format-standard","has-post-thumbnail","hentry","category-actualite","category-tunisie"],"_links":{"self":[{"href":"https:\/\/linitiative.ca\/International\/wp-json\/wp\/v2\/posts\/91931","targetHints":{"allow":["GET"]}}],"collection":[{"href":"https:\/\/linitiative.ca\/International\/wp-json\/wp\/v2\/posts"}],"about":[{"href":"https:\/\/linitiative.ca\/International\/wp-json\/wp\/v2\/types\/post"}],"author":[{"embeddable":true,"href":"https:\/\/linitiative.ca\/International\/wp-json\/wp\/v2\/users\/1789"}],"replies":[{"embeddable":true,"href":"https:\/\/linitiative.ca\/International\/wp-json\/wp\/v2\/comments?post=91931"}],"version-history":[{"count":0,"href":"https:\/\/linitiative.ca\/International\/wp-json\/wp\/v2\/posts\/91931\/revisions"}],"wp:featuredmedia":[{"embeddable":true,"href":"https:\/\/linitiative.ca\/International\/wp-json\/"}],"wp:attachment":[{"href":"https:\/\/linitiative.ca\/International\/wp-json\/wp\/v2\/media?parent=91931"}],"wp:term":[{"taxonomy":"category","embeddable":true,"href":"https:\/\/linitiative.ca\/International\/wp-json\/wp\/v2\/categories?post=91931"},{"taxonomy":"post_tag","embeddable":true,"href":"https:\/\/linitiative.ca\/International\/wp-json\/wp\/v2\/tags?post=91931"}],"curies":[{"name":"wp","href":"https:\/\/api.w.org\/{rel}","templated":true}]}}