{"id":91942,"date":"2020-07-10T05:13:21","date_gmt":"2020-07-10T09:13:21","guid":{"rendered":"https:\/\/linitiative.ca\/International\/rapport-de-human-rights-watch-sur-des-atteintes-des-droits-humains-a-dori-la-declaration-du-porte-parole-du-gouvernementdocument\/"},"modified":"2020-07-10T05:13:21","modified_gmt":"2020-07-10T09:13:21","slug":"rapport-de-human-rights-watch-sur-des-atteintes-des-droits-humains-a-dori-la-declaration-du-porte-parole-du-gouvernementdocument","status":"publish","type":"post","link":"https:\/\/linitiative.ca\/International\/rapport-de-human-rights-watch-sur-des-atteintes-des-droits-humains-a-dori-la-declaration-du-porte-parole-du-gouvernementdocument\/","title":{"rendered":"Rapport de Human rights watch  sur des atteintes des droits humains \u00e0 Dori: la d\u00e9claration du porte parole du gouvernement(document)"},"content":{"rendered":"<div class=\"td-post-sharing-top td-post-sharing td-ps-bg td-ps-padding td-ps-bar td-post-sharing-style6\">\n<div class=\"td-post-sharing-visible\"><a class=\"td-social-sharing-button td-social-sharing-button-js td-social-network td-social-facebook\" href=\"https:\/\/www.facebook.com\/sharer.php?u=https%3A%2F%2Fwww.sidwaya.info%2Fblog%2F2020%2F07%2F10%2Frapport-de-human-rights-watch-sur-des-atteintes-des-droits-humains-a-dori-la-declaration-du-porte-parole-du-gouvernementdocument%2F\"\/><\/p>\n<p>Facebook<\/p>\n<p><a class=\"td-social-sharing-button td-social-sharing-button-js td-social-network td-social-twitter\" href=\"https:\/\/twitter.com\/intent\/tweet?text=Rapport+de+Human+rights+watch++sur+des+atteintes+des+droits+humains+%C3%A0+Dori%3A+la+d%C3%A9claration+du+porte+parole+du+gouvernement%28document%29&amp;url=https%3A%2F%2Fwww.sidwaya.info%2Fblog%2F2020%2F07%2F10%2Frapport-de-human-rights-watch-sur-des-atteintes-des-droits-humains-a-dori-la-declaration-du-porte-parole-du-gouvernementdocument%2F&amp;via=Quotidien+Sidwaya\"\/><\/p>\n<p>Twitter<\/p>\n<p><a class=\"td-social-sharing-button td-social-sharing-button-js td-social-network td-social-pinterest\" href=\"https:\/\/pinterest.com\/pin\/create\/button\/?url=https:\/\/www.sidwaya.info\/blog\/2020\/07\/10\/rapport-de-human-rights-watch-sur-des-atteintes-des-droits-humains-a-dori-la-declaration-du-porte-parole-du-gouvernementdocument\/&amp;media=https:\/\/www.sidwaya.info\/wp-content\/uploads\/2020\/07\/1-24.jpg&amp;description=Rapport+de+Human+rights+watch++sur+des+atteintes+des+droits+humains+%C3%A0+Dori%3A+la+d%C3%A9claration+du+porte+parole+du+gouvernement%28document%29\"\/><\/p>\n<p>Pinterest<\/p>\n<p><a class=\"td-social-sharing-button td-social-sharing-button-js td-social-network td-social-whatsapp\" href=\"whatsapp:\/\/send?text=Rapport+de+Human+rights+watch++sur+des+atteintes+des+droits+humains+%C3%A0+Dori%3A+la+d%C3%A9claration+du+porte+parole+du+gouvernement%28document%29%20%0A%0A%20https:\/\/www.sidwaya.info\/blog\/2020\/07\/10\/rapport-de-human-rights-watch-sur-des-atteintes-des-droits-humains-a-dori-la-declaration-du-porte-parole-du-gouvernementdocument\/\"\/><\/p>\n<p>WhatsApp<\/p>\n<p><a class=\"td-social-sharing-button td-social-sharing-button-js td-social-network td-social-linkedin\" href=\"https:\/\/www.linkedin.com\/shareArticle?mini=true&amp;url=https:\/\/www.sidwaya.info\/blog\/2020\/07\/10\/rapport-de-human-rights-watch-sur-des-atteintes-des-droits-humains-a-dori-la-declaration-du-porte-parole-du-gouvernementdocument\/&amp;title=Rapport+de+Human+rights+watch++sur+des+atteintes+des+droits+humains+%C3%A0+Dori%3A+la+d%C3%A9claration+du+porte+parole+du+gouvernement%28document%29\"\/><\/p>\n<p>Linkedin<\/p>\n<p><a class=\"td-social-sharing-button td-social-sharing-button-js td-social-network td-social-mail\" href=\"mailto:?subject=Rapport%20de%20Human%20rights%20watch%20sur%20des%20atteintes%20des%20droits%20humains%20%C3%A0%20Dori:%20la%20d%C3%A9claration%20du%20porte%20parole%20du%20gouvernement(document)&amp;body=https:\/\/www.sidwaya.info\/blog\/2020\/07\/10\/rapport-de-human-rights-watch-sur-des-atteintes-des-droits-humains-a-dori-la-declaration-du-porte-parole-du-gouvernementdocument\/\"\/><\/p>\n<p>Email<\/p>\n<p><a class=\"td-social-sharing-button td-social-sharing-button-js td-social-network td-social-print\" href=\"#\"\/><\/p>\n<p>Print<\/p>\n<p><a class=\"td-social-sharing-button td-social-sharing-button-js td-social-network td-social-tumblr\" href=\"https:\/\/www.tumblr.com\/share\/link?url=https:\/\/www.sidwaya.info\/blog\/2020\/07\/10\/rapport-de-human-rights-watch-sur-des-atteintes-des-droits-humains-a-dori-la-declaration-du-porte-parole-du-gouvernementdocument\/&amp;name=Rapport%20de%20Human%20rights%20watch%20sur%20des%20atteintes%20des%20droits%20humains%20%C3%A0%20Dori:%20la%20d%C3%A9claration%20du%20porte%20parole%20du%20gouvernement(document)\"\/><\/p>\n<p>Tumblr<\/p>\n<p><a class=\"td-social-sharing-button td-social-sharing-button-js td-social-network td-social-telegram\" href=\"https:\/\/telegram.me\/share\/url?url=https:\/\/www.sidwaya.info\/blog\/2020\/07\/10\/rapport-de-human-rights-watch-sur-des-atteintes-des-droits-humains-a-dori-la-declaration-du-porte-parole-du-gouvernementdocument\/&amp;text=Rapport+de+Human+rights+watch++sur+des+atteintes+des+droits+humains+%C3%A0+Dori%3A+la+d%C3%A9claration+du+porte+parole+du+gouvernement%28document%29\"\/><\/p>\n<p>Telegram<\/p>\n<p><a class=\"td-social-sharing-button td-social-sharing-button-js td-social-network td-social-viber\" href=\"viber:\/\/forward?text=Rapport+de+Human+rights+watch++sur+des+atteintes+des+droits+humains+%C3%A0+Dori%3A+la+d%C3%A9claration+du+porte+parole+du+gouvernement%28document%29%20https:\/\/www.sidwaya.info\/blog\/2020\/07\/10\/rapport-de-human-rights-watch-sur-des-atteintes-des-droits-humains-a-dori-la-declaration-du-porte-parole-du-gouvernementdocument\/\"\/><\/p>\n<p>Viber<\/p>\n<p><a class=\"td-social-sharing-button td-social-sharing-button-js td-social-network td-social-naver\" href=\"https:\/\/share.naver.com\/web\/shareView.nhn?url=https:\/\/www.sidwaya.info\/blog\/2020\/07\/10\/rapport-de-human-rights-watch-sur-des-atteintes-des-droits-humains-a-dori-la-declaration-du-porte-parole-du-gouvernementdocument\/&amp;title=Rapport+de+Human+rights+watch++sur+des+atteintes+des+droits+humains+%C3%A0+Dori%3A+la+d%C3%A9claration+du+porte+parole+du+gouvernement%28document%29\"\/><\/p>\n<p>Naver<\/p>\n<\/div>\n<\/div>\n<div class=\"td-post-content tagdiv-type\" readability=\"27.076923076923\">\n<div class=\"td-post-featured-image\"><a href=\"https:\/\/www.sidwaya.info\/wp-content\/uploads\/2020\/07\/1-24.jpg\" data-caption=\"\"><img loading=\"lazy\" decoding=\"async\" width=\"595\" height=\"335\" class=\"entry-thumb td-modal-image\" src=\"https:\/\/www.sidwaya.info\/wp-content\/uploads\/2020\/07\/1-24.jpg\" srcset=\"https:\/\/www.sidwaya.info\/wp-content\/uploads\/2020\/07\/1-24.jpg 595w, https:\/\/www.sidwaya.info\/wp-content\/uploads\/2020\/07\/1-24-300x169.jpg 300w\" sizes=\"auto, (max-width: 595px) 100vw, 595px\" alt=\"\" title=\"1\"\/><\/a><\/div>\n<p>Lire la <a href=\"https:\/\/www.sidwaya.info\/wp-content\/uploads\/2020\/07\/D%C3%A9claration.pdf\">D\u00e9claration<\/a> du porte parole du gouvernement\u00a0 en int\u00e9gralit\u00e9!<\/p>\n<div class=\"td-a-rec td-a-rec-id-content_inline tdi_30_3aa td_block_template_1\"><img loading=\"lazy\" decoding=\"async\" class=\"aligncenter size-full wp-image-21314\" src=\"https:\/\/www.sidwaya.info\/wp-content\/uploads\/2020\/04\/Bandeau-Covid-19-Sidwaya-1.jpg\" alt=\"\" width=\"790\" height=\"98\"\/><\/div>\n<div class=\"td-a-rec td-a-rec-id-content_bottom tdi_31_f09 td_block_template_1\"><img loading=\"lazy\" decoding=\"async\" class=\"aligncenter size-full wp-image-22415\" src=\"https:\/\/www.sidwaya.info\/wp-content\/uploads\/2020\/05\/Bandeau-paiement-mobile-site.png\" alt=\"\" width=\"728\" height=\"90\"\/><\/div>\n<\/div>\n<footer>\n<div class=\"td-post-sharing-bottom\">\n<p><iframe frameborder=\"0\" src=\"https:\/\/www.facebook.com\/plugins\/like.php?href=https:\/\/www.sidwaya.info\/blog\/2020\/07\/10\/rapport-de-human-rights-watch-sur-des-atteintes-des-droits-humains-a-dori-la-declaration-du-porte-parole-du-gouvernementdocument\/&amp;layout=button_count&amp;show_faces=false&amp;width=105&amp;action=like&amp;colorscheme=light&amp;height=21\" class=\"c1\">[embedded content]<\/iframe><\/p>\n<div id=\"td_social_sharing_article_bottom\" class=\"td-post-sharing td-ps-bg td-ps-padding td-post-sharing-style7\">\n<div class=\"td-post-sharing-visible\"><a class=\"td-social-sharing-button td-social-sharing-button-js td-social-network td-social-facebook\" href=\"https:\/\/www.facebook.com\/sharer.php?u=https%3A%2F%2Fwww.sidwaya.info%2Fblog%2F2020%2F07%2F10%2Frapport-de-human-rights-watch-sur-des-atteintes-des-droits-humains-a-dori-la-declaration-du-porte-parole-du-gouvernementdocument%2F\"\/><\/p>\n<p>Facebook<\/p>\n<p><a class=\"td-social-sharing-button td-social-sharing-button-js td-social-network td-social-twitter\" href=\"https:\/\/twitter.com\/intent\/tweet?text=Rapport+de+Human+rights+watch++sur+des+atteintes+des+droits+humains+%C3%A0+Dori%3A+la+d%C3%A9claration+du+porte+parole+du+gouvernement%28document%29&amp;url=https%3A%2F%2Fwww.sidwaya.info%2Fblog%2F2020%2F07%2F10%2Frapport-de-human-rights-watch-sur-des-atteintes-des-droits-humains-a-dori-la-declaration-du-porte-parole-du-gouvernementdocument%2F&amp;via=Quotidien+Sidwaya\"\/><\/p>\n<p>Twitter<\/p>\n<p><a class=\"td-social-sharing-button td-social-sharing-button-js td-social-network td-social-pinterest\" href=\"https:\/\/pinterest.com\/pin\/create\/button\/?url=https:\/\/www.sidwaya.info\/blog\/2020\/07\/10\/rapport-de-human-rights-watch-sur-des-atteintes-des-droits-humains-a-dori-la-declaration-du-porte-parole-du-gouvernementdocument\/&amp;media=https:\/\/www.sidwaya.info\/wp-content\/uploads\/2020\/07\/1-24.jpg&amp;description=Rapport+de+Human+rights+watch++sur+des+atteintes+des+droits+humains+%C3%A0+Dori%3A+la+d%C3%A9claration+du+porte+parole+du+gouvernement%28document%29\"\/><\/p>\n<p>Pinterest<\/p>\n<p><a class=\"td-social-sharing-button td-social-sharing-button-js td-social-network td-social-whatsapp\" href=\"whatsapp:\/\/send?text=Rapport+de+Human+rights+watch++sur+des+atteintes+des+droits+humains+%C3%A0+Dori%3A+la+d%C3%A9claration+du+porte+parole+du+gouvernement%28document%29%20%0A%0A%20https:\/\/www.sidwaya.info\/blog\/2020\/07\/10\/rapport-de-human-rights-watch-sur-des-atteintes-des-droits-humains-a-dori-la-declaration-du-porte-parole-du-gouvernementdocument\/\"\/><\/p>\n<p>WhatsApp<\/p>\n<p><a class=\"td-social-sharing-button td-social-sharing-button-js td-social-network td-social-linkedin\" href=\"https:\/\/www.linkedin.com\/shareArticle?mini=true&amp;url=https:\/\/www.sidwaya.info\/blog\/2020\/07\/10\/rapport-de-human-rights-watch-sur-des-atteintes-des-droits-humains-a-dori-la-declaration-du-porte-parole-du-gouvernementdocument\/&amp;title=Rapport+de+Human+rights+watch++sur+des+atteintes+des+droits+humains+%C3%A0+Dori%3A+la+d%C3%A9claration+du+porte+parole+du+gouvernement%28document%29\"\/><\/p>\n<p>Linkedin<\/p>\n<p><a class=\"td-social-sharing-button td-social-sharing-button-js td-social-network td-social-mail\" href=\"mailto:?subject=Rapport%20de%20Human%20rights%20watch%20sur%20des%20atteintes%20des%20droits%20humains%20%C3%A0%20Dori:%20la%20d%C3%A9claration%20du%20porte%20parole%20du%20gouvernement(document)&amp;body=https:\/\/www.sidwaya.info\/blog\/2020\/07\/10\/rapport-de-human-rights-watch-sur-des-atteintes-des-droits-humains-a-dori-la-declaration-du-porte-parole-du-gouvernementdocument\/\"\/><\/p>\n<p>Email<\/p>\n<p><a class=\"td-social-sharing-button td-social-sharing-button-js td-social-network td-social-print\" href=\"#\"\/><\/p>\n<p>Print<\/p>\n<p><a class=\"td-social-sharing-button td-social-sharing-button-js td-social-network td-social-tumblr\" href=\"https:\/\/www.tumblr.com\/share\/link?url=https:\/\/www.sidwaya.info\/blog\/2020\/07\/10\/rapport-de-human-rights-watch-sur-des-atteintes-des-droits-humains-a-dori-la-declaration-du-porte-parole-du-gouvernementdocument\/&amp;name=Rapport%20de%20Human%20rights%20watch%20sur%20des%20atteintes%20des%20droits%20humains%20%C3%A0%20Dori:%20la%20d%C3%A9claration%20du%20porte%20parole%20du%20gouvernement(document)\"\/><\/p>\n<p>Tumblr<\/p>\n<p><a class=\"td-social-sharing-button td-social-sharing-button-js td-social-network td-social-telegram\" href=\"https:\/\/telegram.me\/share\/url?url=https:\/\/www.sidwaya.info\/blog\/2020\/07\/10\/rapport-de-human-rights-watch-sur-des-atteintes-des-droits-humains-a-dori-la-declaration-du-porte-parole-du-gouvernementdocument\/&amp;text=Rapport+de+Human+rights+watch++sur+des+atteintes+des+droits+humains+%C3%A0+Dori%3A+la+d%C3%A9claration+du+porte+parole+du+gouvernement%28document%29\"\/><\/p>\n<p>Telegram<\/p>\n<p><a class=\"td-social-sharing-button td-social-sharing-button-js td-social-network td-social-viber\" href=\"viber:\/\/forward?text=Rapport+de+Human+rights+watch++sur+des+atteintes+des+droits+humains+%C3%A0+Dori%3A+la+d%C3%A9claration+du+porte+parole+du+gouvernement%28document%29%20https:\/\/www.sidwaya.info\/blog\/2020\/07\/10\/rapport-de-human-rights-watch-sur-des-atteintes-des-droits-humains-a-dori-la-declaration-du-porte-parole-du-gouvernementdocument\/\"\/><\/p>\n<p>Viber<\/p>\n<p><a class=\"td-social-sharing-button td-social-sharing-button-js td-social-network td-social-naver\" href=\"https:\/\/share.naver.com\/web\/shareView.nhn?url=https:\/\/www.sidwaya.info\/blog\/2020\/07\/10\/rapport-de-human-rights-watch-sur-des-atteintes-des-droits-humains-a-dori-la-declaration-du-porte-parole-du-gouvernementdocument\/&amp;title=Rapport+de+Human+rights+watch++sur+des+atteintes+des+droits+humains+%C3%A0+Dori%3A+la+d%C3%A9claration+du+porte+parole+du+gouvernement%28document%29\"\/><\/p>\n<p>Naver<\/p>\n<\/div>\n<\/div>\n<\/div>\n<div class=\"td-block-row td-post-next-prev\">\n<div class=\"td-block-span6 td-post-prev-post td-post-next-prev-content\"><span>Article pr\u00e9c\u00e9dent<\/span><a href=\"https:\/\/www.sidwaya.info\/blog\/2020\/07\/09\/une-du-10-07-2020\/\">Une du 10-07-2020<\/a><\/div>\n<div class=\"td-block-span6 td-post-next-post td-post-next-prev-content\"><span>Article suivant<\/span><a href=\"https:\/\/www.sidwaya.info\/blog\/2020\/07\/10\/simon-compaore-a-propos-de-la-reelection-du-president-roch-marc-christian-kabore\/\">Simon Compaor\u00e9 \u00e0 propos de la r\u00e9\u00e9lection du Pr\u00e9sident Roch Marc Christian Kabor\u00e9<\/a><\/div>\n<\/div>\n<\/footer>\n<p>Auteur: BS. Sidwaya<br \/>\n<a href=\"https:\/\/www.sidwaya.info\/blog\/2020\/07\/10\/rapport-de-human-rights-watch-sur-des-atteintes-des-droits-humains-a-dori-la-declaration-du-porte-parole-du-gouvernementdocument\/\">Cliquez ici pour lire l&rsquo;article depuis sa source.<\/a><\/p>\n","protected":false},"excerpt":{"rendered":"<p>Facebook Twitter Pinterest WhatsApp Linkedin Email Print Tumblr Telegram Viber Naver Lire la D\u00e9claration du porte parole du gouvernement\u00a0 en int\u00e9gralit\u00e9! [embedded content] Facebook Twitter Pinterest WhatsApp Linkedin Email Print Tumblr Telegram Viber Naver Article pr\u00e9c\u00e9dentUne du 10-07-2020 Article suivantSimon Compaor\u00e9 \u00e0 propos de la r\u00e9\u00e9lection du Pr\u00e9sident Roch Marc Christian Kabor\u00e9 Auteur: BS. Sidwaya [&hellip;]<\/p>\n","protected":false},"author":1816,"featured_media":91943,"comment_status":"closed","ping_status":"closed","sticky":false,"template":"","format":"standard","meta":{"fifu_image_url":"","fifu_image_alt":"","footnotes":""},"categories":[73,81],"tags":[],"class_list":["post-91942","post","type-post","status-publish","format-standard","has-post-thumbnail","hentry","category-actualite","category-burkina-faso"],"_links":{"self":[{"href":"https:\/\/linitiative.ca\/International\/wp-json\/wp\/v2\/posts\/91942","targetHints":{"allow":["GET"]}}],"collection":[{"href":"https:\/\/linitiative.ca\/International\/wp-json\/wp\/v2\/posts"}],"about":[{"href":"https:\/\/linitiative.ca\/International\/wp-json\/wp\/v2\/types\/post"}],"author":[{"embeddable":true,"href":"https:\/\/linitiative.ca\/International\/wp-json\/wp\/v2\/users\/1816"}],"replies":[{"embeddable":true,"href":"https:\/\/linitiative.ca\/International\/wp-json\/wp\/v2\/comments?post=91942"}],"version-history":[{"count":0,"href":"https:\/\/linitiative.ca\/International\/wp-json\/wp\/v2\/posts\/91942\/revisions"}],"wp:featuredmedia":[{"embeddable":true,"href":"https:\/\/linitiative.ca\/International\/wp-json\/"}],"wp:attachment":[{"href":"https:\/\/linitiative.ca\/International\/wp-json\/wp\/v2\/media?parent=91942"}],"wp:term":[{"taxonomy":"category","embeddable":true,"href":"https:\/\/linitiative.ca\/International\/wp-json\/wp\/v2\/categories?post=91942"},{"taxonomy":"post_tag","embeddable":true,"href":"https:\/\/linitiative.ca\/International\/wp-json\/wp\/v2\/tags?post=91942"}],"curies":[{"name":"wp","href":"https:\/\/api.w.org\/{rel}","templated":true}]}}