{"id":91948,"date":"2020-07-10T10:18:05","date_gmt":"2020-07-10T14:18:05","guid":{"rendered":"https:\/\/linitiative.ca\/International\/nigeria-le-president-buhari-attriste-par-le-deces-du-pm-ivoirien\/"},"modified":"2020-07-10T10:18:05","modified_gmt":"2020-07-10T14:18:05","slug":"nigeria-le-president-buhari-attriste-par-le-deces-du-pm-ivoirien","status":"publish","type":"post","link":"https:\/\/linitiative.ca\/International\/nigeria-le-president-buhari-attriste-par-le-deces-du-pm-ivoirien\/","title":{"rendered":"Nigeria: le pr\u00e9sident Buhari attrist\u00e9 par le d\u00e9c\u00e8s du Pm ivoirien"},"content":{"rendered":"<div readability=\"32\">\n<p>Publi\u00e9 le 10.07.2020 \u00e0 15h18 par APA News<\/p>\n<\/div>\n<div readability=\"64\">\n<p>Le pr\u00e9sident Muhammadu Buhari du Nigeria a appris avec beaucoup de regret la mort du Premier ministre ivoirien, Amadou Gon Coulibaly.Dans une d\u00e9claration de son Assistant sp\u00e9cial principal pour les m\u00e9dias et la communication, Garba Shehu, le pr\u00e9sident a compati avec le pr\u00e9sident Alassane Ouattara, ainsi qu\u2019avec le gouvernement et le peuple de C\u00f4te d\u2019Ivoire suite au d\u00e9c\u00e8s du Pm Coulibaly.<\/p>\n<p>Dans son message de condol\u00e9ances, le pr\u00e9sident Buhari a d\u00e9clar\u00e9 que le Premier ministre, mort dans l\u2019exercice de ses fonctions a laiss\u00e9 un vide non seulement en C\u00f4te d\u2019Ivoire, mais aussi dans la sous-r\u00e9gion ouest-africaine, qui l\u2019avait consid\u00e9r\u00e9 comme un leader \u00e9mergent pour les temps nouveaux.<\/p>\n<p>\u00ab\u00a0Son leadership, son sens politique et son sens des affaires, au service du pr\u00e9sident Ouattara, incarnent la r\u00e9ussite de l\u2019\u00e9conomie et le retour de la paix et de la stabilit\u00e9 apr\u00e8s les crises que la C\u00f4te d\u2019Ivoire a travers\u00e9es. Que Dieu b\u00e9nisse son \u00e2me et unifie davantage le pays et son peuple\u00a0\u00bb, a d\u00e9clar\u00e9 le pr\u00e9sident Buhari.<\/p>\n<p>Coulibaly, candidat \u00e0 l\u2019\u00e9lection pr\u00e9sidentielle ivoirienne pr\u00e9vue pour octobre, est d\u00e9c\u00e9d\u00e9 mercredi ddernier \u00e0 l\u2019\u00e2ge de 61 ans. Il est d\u00e9c\u00e9d\u00e9 quelques jours seulement apr\u00e8s son retour de France, o\u00f9 il avait pass\u00e9 deux mois pour des soins m\u00e9dicaux. \u00a0<\/p>\n<\/div>\n<p>Auteur: APA News<br \/>\n<a href=\"https:\/\/www.journalducameroun.com\/nigeria-le-president-buhari-attriste-par-le-deces-du-pm-ivoirien\/\">Cliquez ici pour lire l&rsquo;article depuis sa source.<\/a><\/p>\n","protected":false},"excerpt":{"rendered":"<p>Publi\u00e9 le 10.07.2020 \u00e0 15h18 par APA News Le pr\u00e9sident Muhammadu Buhari du Nigeria a appris avec beaucoup de regret la mort du Premier ministre ivoirien, Amadou Gon Coulibaly.Dans une d\u00e9claration de son Assistant sp\u00e9cial principal pour les m\u00e9dias et la communication, Garba Shehu, le pr\u00e9sident a compati avec le pr\u00e9sident Alassane Ouattara, ainsi qu\u2019avec [&hellip;]<\/p>\n","protected":false},"author":1965,"featured_media":0,"comment_status":"closed","ping_status":"closed","sticky":false,"template":"","format":"standard","meta":{"fifu_image_url":"","fifu_image_alt":"","footnotes":""},"categories":[73,82],"tags":[],"class_list":["post-91948","post","type-post","status-publish","format-standard","hentry","category-actualite","category-cameroun"],"_links":{"self":[{"href":"https:\/\/linitiative.ca\/International\/wp-json\/wp\/v2\/posts\/91948","targetHints":{"allow":["GET"]}}],"collection":[{"href":"https:\/\/linitiative.ca\/International\/wp-json\/wp\/v2\/posts"}],"about":[{"href":"https:\/\/linitiative.ca\/International\/wp-json\/wp\/v2\/types\/post"}],"author":[{"embeddable":true,"href":"https:\/\/linitiative.ca\/International\/wp-json\/wp\/v2\/users\/1965"}],"replies":[{"embeddable":true,"href":"https:\/\/linitiative.ca\/International\/wp-json\/wp\/v2\/comments?post=91948"}],"version-history":[{"count":0,"href":"https:\/\/linitiative.ca\/International\/wp-json\/wp\/v2\/posts\/91948\/revisions"}],"wp:attachment":[{"href":"https:\/\/linitiative.ca\/International\/wp-json\/wp\/v2\/media?parent=91948"}],"wp:term":[{"taxonomy":"category","embeddable":true,"href":"https:\/\/linitiative.ca\/International\/wp-json\/wp\/v2\/categories?post=91948"},{"taxonomy":"post_tag","embeddable":true,"href":"https:\/\/linitiative.ca\/International\/wp-json\/wp\/v2\/tags?post=91948"}],"curies":[{"name":"wp","href":"https:\/\/api.w.org\/{rel}","templated":true}]}}