{"id":91949,"date":"2020-07-10T13:18:05","date_gmt":"2020-07-10T17:18:05","guid":{"rendered":"https:\/\/linitiative.ca\/International\/allemagne-descente-de-la-police-chez-de-presumes-tueurs-de-jammeh\/"},"modified":"2020-07-10T13:18:05","modified_gmt":"2020-07-10T17:18:05","slug":"allemagne-descente-de-la-police-chez-de-presumes-tueurs-de-jammeh","status":"publish","type":"post","link":"https:\/\/linitiative.ca\/International\/allemagne-descente-de-la-police-chez-de-presumes-tueurs-de-jammeh\/","title":{"rendered":"Allemagne : Descente de la police chez de pr\u00e9sum\u00e9s tueurs de Jammeh"},"content":{"rendered":"<div readability=\"32\">\n<p>Publi\u00e9 le 10.07.2020 \u00e0 18h18 par APA News<\/p>\n<\/div>\n<div readability=\"62\">\n<p>Des enqu\u00eateurs en Allemagne ont arr\u00eat\u00e9 et mis en d\u00e9tention sept hommes qui ont avou\u00e9 avoir \u00e9t\u00e9 des hommes de main de l\u2019ancien pr\u00e9sident gambien Yahya Jammeh, en relation avec des violations flagrantes des droits de l\u2019homme sur une p\u00e9riode de 22 ans, a rapport\u00e9 APA jeudi, citant le site d\u2019investigation allemand Tagesschau.Selon ce site Internet allemand, le Procureur g\u00e9n\u00e9ral m\u00e8ne une enqu\u00eate sur certains des demandeurs d\u2019asile au pass\u00e9 louche en Gambie.<\/p>\n<p>En tant que militaires, les suspects dont les noms sont tenus secrets, auraient \u00e9t\u00e9 impliqu\u00e9s dans des actes de torture, de mauvais traitements et de meurtre d\u2019opposants \u00e0 Jammeh qui vit maintenant en exil en Guin\u00e9e \u00e9quatoriale.<\/p>\n<p>Le personnel de l\u2019Office f\u00e9d\u00e9ral allemand de la police criminelle (BKA) et de l\u2019Office national de la police criminelle (LKA) du Bade-Wurtemberg ont fait une descente au domicile des sept suspects gambiens.<\/p>\n<p>Des d\u00e9tails ont \u00e9merg\u00e9 des enqu\u00eates pr\u00e9liminaires sugg\u00e9rant que les demandeurs d\u2019asile avaient d\u00e9clar\u00e9 lors d\u2019une audition \u00e0 l\u2019Office f\u00e9d\u00e9ral des migrations et des r\u00e9fugi\u00e9s (BAMF) qu\u2019ils faisaient partie d\u2019un tristement c\u00e9l\u00e8bre escadron au sein de l\u2019arm\u00e9e gambienne qui avait tortur\u00e9 des opposants politiques \u00e0 l\u2019ancien gouvernement.<\/p>\n<p>Depuis l\u2019ann\u00e9e derni\u00e8re, une Commission v\u00e9rit\u00e9 en Gambie a entendu plus de 200 t\u00e9moins qui ont incrimin\u00e9 Jammeh et certains membres de son gouvernement pour des violations des droits de l\u2019homme qui auraient \u00e9t\u00e9 commises entre 1994 lors de son arriv\u00e9e au pouvoir lors d\u2019un coup d\u2019\u00c9tat militaire et 2017, date de sa d\u00e9faite \u00e0 l\u2019\u00e9lection\u00a0pr\u00e9sidentielle.<\/p>\n<\/div>\n<p>Auteur: APA News<br \/>\n<a href=\"https:\/\/www.journalducameroun.com\/allemagne-descente-de-la-police-chez-de-presumes-tueurs-de-jammeh\/\">Cliquez ici pour lire l&rsquo;article depuis sa source.<\/a><\/p>\n","protected":false},"excerpt":{"rendered":"<p>Publi\u00e9 le 10.07.2020 \u00e0 18h18 par APA News Des enqu\u00eateurs en Allemagne ont arr\u00eat\u00e9 et mis en d\u00e9tention sept hommes qui ont avou\u00e9 avoir \u00e9t\u00e9 des hommes de main de l\u2019ancien pr\u00e9sident gambien Yahya Jammeh, en relation avec des violations flagrantes des droits de l\u2019homme sur une p\u00e9riode de 22 ans, a rapport\u00e9 APA jeudi, [&hellip;]<\/p>\n","protected":false},"author":1965,"featured_media":0,"comment_status":"closed","ping_status":"closed","sticky":false,"template":"","format":"standard","meta":{"fifu_image_url":"","fifu_image_alt":"","footnotes":""},"categories":[73,82],"tags":[],"class_list":["post-91949","post","type-post","status-publish","format-standard","hentry","category-actualite","category-cameroun"],"_links":{"self":[{"href":"https:\/\/linitiative.ca\/International\/wp-json\/wp\/v2\/posts\/91949","targetHints":{"allow":["GET"]}}],"collection":[{"href":"https:\/\/linitiative.ca\/International\/wp-json\/wp\/v2\/posts"}],"about":[{"href":"https:\/\/linitiative.ca\/International\/wp-json\/wp\/v2\/types\/post"}],"author":[{"embeddable":true,"href":"https:\/\/linitiative.ca\/International\/wp-json\/wp\/v2\/users\/1965"}],"replies":[{"embeddable":true,"href":"https:\/\/linitiative.ca\/International\/wp-json\/wp\/v2\/comments?post=91949"}],"version-history":[{"count":0,"href":"https:\/\/linitiative.ca\/International\/wp-json\/wp\/v2\/posts\/91949\/revisions"}],"wp:attachment":[{"href":"https:\/\/linitiative.ca\/International\/wp-json\/wp\/v2\/media?parent=91949"}],"wp:term":[{"taxonomy":"category","embeddable":true,"href":"https:\/\/linitiative.ca\/International\/wp-json\/wp\/v2\/categories?post=91949"},{"taxonomy":"post_tag","embeddable":true,"href":"https:\/\/linitiative.ca\/International\/wp-json\/wp\/v2\/tags?post=91949"}],"curies":[{"name":"wp","href":"https:\/\/api.w.org\/{rel}","templated":true}]}}