{"id":91952,"date":"2020-07-10T05:40:45","date_gmt":"2020-07-10T09:40:45","guid":{"rendered":"https:\/\/linitiative.ca\/International\/coronavirus-les-deputes-camerounais-offrent-100-millions-de-f-cfa-pour-la-riposte\/"},"modified":"2020-07-10T05:40:45","modified_gmt":"2020-07-10T09:40:45","slug":"coronavirus-les-deputes-camerounais-offrent-100-millions-de-f-cfa-pour-la-riposte","status":"publish","type":"post","link":"https:\/\/linitiative.ca\/International\/coronavirus-les-deputes-camerounais-offrent-100-millions-de-f-cfa-pour-la-riposte\/","title":{"rendered":"Coronavirus : les d\u00e9put\u00e9s camerounais offrent 100 millions de F CFA pour la riposte"},"content":{"rendered":"<div class=\"featured-area featured-area-inner\"><img loading=\"lazy\" decoding=\"async\" width=\"1080\" height=\"720\" src=\"https:\/\/ecomatin.net\/wp-content\/uploads\/2020\/07\/WhatsApp-Image-2020-07-09-at-12.38.37-1.jpeg\" class=\"attachment-full size-full wp-post-image\" alt=\"\" srcset=\"https:\/\/ecomatin.net\/wp-content\/uploads\/2020\/07\/WhatsApp-Image-2020-07-09-at-12.38.37-1.jpeg 1080w, https:\/\/ecomatin.net\/wp-content\/uploads\/2020\/07\/WhatsApp-Image-2020-07-09-at-12.38.37-1-300x200.jpeg 300w, https:\/\/ecomatin.net\/wp-content\/uploads\/2020\/07\/WhatsApp-Image-2020-07-09-at-12.38.37-1-1024x683.jpeg 1024w, https:\/\/ecomatin.net\/wp-content\/uploads\/2020\/07\/WhatsApp-Image-2020-07-09-at-12.38.37-1-768x512.jpeg 768w\" sizes=\"auto, (max-width: 1080px) 100vw, 1080px\" data-attachment-id=\"16969\" data-permalink=\"https:\/\/ecomatin.net\/coronavirus-les-deputes-camerounais-offrent-100-millions-de-f-cfa-pour-la-riposte\/whatsapp-image-2020-07-09-at-12-38-37-1\/\" data-orig-file=\"https:\/\/ecomatin.net\/wp-content\/uploads\/2020\/07\/WhatsApp-Image-2020-07-09-at-12.38.37-1.jpeg\" data-orig-size=\"1080,720\" data-comments-opened=\"0\" data-image-meta=\"{&quot;aperture&quot;:&quot;0&quot;,&quot;credit&quot;:&quot;&quot;,&quot;camera&quot;:&quot;&quot;,&quot;caption&quot;:&quot;&quot;,&quot;created_timestamp&quot;:&quot;0&quot;,&quot;copyright&quot;:&quot;&quot;,&quot;focal_length&quot;:&quot;0&quot;,&quot;iso&quot;:&quot;0&quot;,&quot;shutter_speed&quot;:&quot;0&quot;,&quot;title&quot;:&quot;&quot;,&quot;orientation&quot;:&quot;0&quot;}\" data-image-title=\"WhatsApp Image 2020-07-09 at 12.38.37 (1)\" data-image-description=\"\" data-medium-file=\"https:\/\/ecomatin.net\/wp-content\/uploads\/2020\/07\/WhatsApp-Image-2020-07-09-at-12.38.37-1-300x200.jpeg\" data-large-file=\"https:\/\/ecomatin.net\/wp-content\/uploads\/2020\/07\/WhatsApp-Image-2020-07-09-at-12.38.37-1-1024x683.jpeg\"\/><\/div>\n<div class=\"entry-content entry clearfix\" readability=\"41.141605839416\">\n<p>Depuis le 8 juin, se tenait au Palais des congr\u00e8s de Yaound\u00e9 la deuxi\u00e8me session ordinaire de l\u2019Assembl\u00e9e nationale pour le compte de l\u2019ann\u00e9e 2020. Lors de la cl\u00f4ture des travaux de cette session, le pr\u00e9sident de l\u2019Assembl\u00e9e nationale a annonc\u00e9(Pan) la contribution de la chambre parlementaire qu\u2019il pr\u00e9side \u00e0 la lutte contre la pand\u00e9mie du Coronavirus. \u00ab\u00a0Tous partis politiques confondus, les d\u00e9put\u00e9s de l\u2019assembl\u00e9e nationale vous remettent ici et maintenant, cent millions(100.000.000) de Francs CFA, au titre de leur contribution au Fonds de solidarit\u00e9 national contre le Covid-19\u00a0\u00bb a annonc\u00e9 Cavaye Yegui\u00e9 Djibril.<\/p>\n<p><strong>Lire aussi<\/strong> : <a href=\"https:\/\/ecomatin.net\/lunion-europeenne-accorde-6-milliards-de-f-au-cameroun-pour-lutter-contre-le-coronavirus\/\">L\u2019union Europ\u00e9enne accorde 6 milliards de F au Cameroun pour lutter contre le coronavirus<\/a><\/p>\n<p>Lors de cette c\u00e9r\u00e9monie de cl\u00f4ture, le Pan a ressorti les grandes articulations de ces 30 jours de travaux qui ont \u00e9t\u00e9 selon lui riche en activit\u00e9s l\u00e9gislatives et extraparlementaires. Sur le plan l\u00e9gislatif, 7 projets de loi ont \u00e9t\u00e9 examin\u00e9s et vot\u00e9s par les parlementaires. Il s\u2019agit notamment du projet de loi modifiant et compl\u00e9tant certaines dispositions de la Loi du 19 d\u00e9cembre 1990 relative \u00e0 la libert\u00e9 d\u2019association, dans laquelle ne figuraient pas les associations artistiques et culturelles qui a soustrait les partis politiques, les syndicats les associations sportives, les organisations non-gouvernementales ainsi que les associations artistiques et culturelles du champ\u00a0 de ladite loi pour les r\u00e9gir par des textes particuliers.<\/p>\n<p><strong>Lire aussi<\/strong> : <a href=\"https:\/\/ecomatin.net\/le-senat-offre-100-millions-de-fcfa-pour-la-riposte\/\">Le s\u00e9nat offre 100 millions de FCFA pour la riposte<\/a><\/p>\n<p>Se joint aussi le projet de Loi portant ratification de l\u2019ordonnance N\u00b02020\/001 du 3 juin 2020 modifiant et compl\u00e9tant certaines dispositions de la Loi N\u00b02019\/023 du 24 d\u00e9cembre 2019 portant Loi des finances de la R\u00e9publique du Cameroun pour l\u2019exercice 2020. Cons\u00e9quence de l\u2019ampleur des effets \u00e9conomiques et sociaux de la crise sanitaire g\u00e9n\u00e9r\u00e9e par la pand\u00e9mie du Covid-19 etc. notons que ces diff\u00e9rents projets de loi attendent promulgation du chef de l\u2019Etat.<\/p>\n<p>Sur le plan extraparlementaire, il s\u2019est tenue au cours de ces travaux une s\u00e9ance pl\u00e9ni\u00e8re sp\u00e9ciale consacr\u00e9e \u00e0 la valorisation de la pharmacop\u00e9e et les 25 r\u00e9seaux sp\u00e9cialis\u00e9s enregistr\u00e9s au sein de l\u2019Assembl\u00e9e ont tenu des s\u00e9minaires, ateliers et assembl\u00e9es g\u00e9n\u00e9rales.<\/p>\n<div class=\"awac-wrapper awac widget posts-list-widget-11\">\n<h4 class=\"widget-title\">Le plus r\u00e9cent<\/h4>\n<\/div>\n<\/div>\n<p>Auteur: Eco Matin<br \/>\n<a href=\"https:\/\/ecomatin.net\/coronavirus-les-deputes-camerounais-offrent-100-millions-de-f-cfa-pour-la-riposte\/\">Cliquez ici pour lire l&rsquo;article depuis sa source.<\/a><\/p>\n","protected":false},"excerpt":{"rendered":"<p>Depuis le 8 juin, se tenait au Palais des congr\u00e8s de Yaound\u00e9 la deuxi\u00e8me session ordinaire de l\u2019Assembl\u00e9e nationale pour le compte de l\u2019ann\u00e9e 2020. Lors de la cl\u00f4ture des travaux de cette session, le pr\u00e9sident de l\u2019Assembl\u00e9e nationale a annonc\u00e9(Pan) la contribution de la chambre parlementaire qu\u2019il pr\u00e9side \u00e0 la lutte contre la pand\u00e9mie [&hellip;]<\/p>\n","protected":false},"author":1969,"featured_media":91953,"comment_status":"closed","ping_status":"closed","sticky":false,"template":"","format":"standard","meta":{"fifu_image_url":"","fifu_image_alt":"","footnotes":""},"categories":[82,78],"tags":[],"class_list":["post-91952","post","type-post","status-publish","format-standard","has-post-thumbnail","hentry","category-cameroun","category-economie"],"_links":{"self":[{"href":"https:\/\/linitiative.ca\/International\/wp-json\/wp\/v2\/posts\/91952","targetHints":{"allow":["GET"]}}],"collection":[{"href":"https:\/\/linitiative.ca\/International\/wp-json\/wp\/v2\/posts"}],"about":[{"href":"https:\/\/linitiative.ca\/International\/wp-json\/wp\/v2\/types\/post"}],"author":[{"embeddable":true,"href":"https:\/\/linitiative.ca\/International\/wp-json\/wp\/v2\/users\/1969"}],"replies":[{"embeddable":true,"href":"https:\/\/linitiative.ca\/International\/wp-json\/wp\/v2\/comments?post=91952"}],"version-history":[{"count":0,"href":"https:\/\/linitiative.ca\/International\/wp-json\/wp\/v2\/posts\/91952\/revisions"}],"wp:featuredmedia":[{"embeddable":true,"href":"https:\/\/linitiative.ca\/International\/wp-json\/"}],"wp:attachment":[{"href":"https:\/\/linitiative.ca\/International\/wp-json\/wp\/v2\/media?parent=91952"}],"wp:term":[{"taxonomy":"category","embeddable":true,"href":"https:\/\/linitiative.ca\/International\/wp-json\/wp\/v2\/categories?post=91952"},{"taxonomy":"post_tag","embeddable":true,"href":"https:\/\/linitiative.ca\/International\/wp-json\/wp\/v2\/tags?post=91952"}],"curies":[{"name":"wp","href":"https:\/\/api.w.org\/{rel}","templated":true}]}}