{"id":91954,"date":"2020-07-10T05:44:08","date_gmt":"2020-07-10T09:44:08","guid":{"rendered":"https:\/\/linitiative.ca\/International\/le-barrage-de-memveele-augmente-sa-capacite-de-production\/"},"modified":"2020-07-10T05:44:08","modified_gmt":"2020-07-10T09:44:08","slug":"le-barrage-de-memveele-augmente-sa-capacite-de-production","status":"publish","type":"post","link":"https:\/\/linitiative.ca\/International\/le-barrage-de-memveele-augmente-sa-capacite-de-production\/","title":{"rendered":"Le Barrage de Memve\u2019ele augmente sa capacit\u00e9 de production"},"content":{"rendered":"<div class=\"featured-area featured-area-inner\"><img loading=\"lazy\" decoding=\"async\" width=\"800\" height=\"472\" src=\"https:\/\/ecomatin.net\/wp-content\/uploads\/2020\/07\/barrage-memveele.jpg\" class=\"attachment-full size-full wp-post-image\" alt=\"\" srcset=\"https:\/\/ecomatin.net\/wp-content\/uploads\/2020\/07\/barrage-memveele.jpg 800w, https:\/\/ecomatin.net\/wp-content\/uploads\/2020\/07\/barrage-memveele-300x177.jpg 300w, https:\/\/ecomatin.net\/wp-content\/uploads\/2020\/07\/barrage-memveele-768x453.jpg 768w\" sizes=\"auto, (max-width: 800px) 100vw, 800px\" data-attachment-id=\"16972\" data-permalink=\"https:\/\/ecomatin.net\/le-barrage-de-memveele-augmente-sa-capacite-de-production\/barrage-memveele\/\" data-orig-file=\"https:\/\/ecomatin.net\/wp-content\/uploads\/2020\/07\/barrage-memveele.jpg\" data-orig-size=\"800,472\" data-comments-opened=\"0\" data-image-meta=\"{&quot;aperture&quot;:&quot;0&quot;,&quot;credit&quot;:&quot;&quot;,&quot;camera&quot;:&quot;&quot;,&quot;caption&quot;:&quot;&quot;,&quot;created_timestamp&quot;:&quot;0&quot;,&quot;copyright&quot;:&quot;&quot;,&quot;focal_length&quot;:&quot;0&quot;,&quot;iso&quot;:&quot;0&quot;,&quot;shutter_speed&quot;:&quot;0&quot;,&quot;title&quot;:&quot;&quot;,&quot;orientation&quot;:&quot;0&quot;}\" data-image-title=\"barrage-memveele\" data-image-description=\"\" data-medium-file=\"https:\/\/ecomatin.net\/wp-content\/uploads\/2020\/07\/barrage-memveele-300x177.jpg\" data-large-file=\"https:\/\/ecomatin.net\/wp-content\/uploads\/2020\/07\/barrage-memveele.jpg\"\/><\/div>\n<div class=\"entry-content entry clearfix\" readability=\"30.003657421518\">\n<p>C\u2019est l\u2019une des retomb\u00e9s des travaux de raccordement de la ligne 225 kilovolts en provenance de la centrale hydro\u00e9lectrique de Memve\u2019ele au poste de 90\/30 kilovolts de Mbalmayo. Selon le Ministre de l\u2019eau et de l\u2019\u00e9nergie(Minee), ces travaux ont permis d\u2019accro\u00eetre \u00ab\u00a0la capacit\u00e9 d\u2019injection de la centrale hydro\u00e9lectrique de Memve\u2019ele de 60 \u00e0 90 M\u00e9gawatts, soit 30 m\u00e9gawatts suppl\u00e9mentaires pour le r\u00e9seau Interconnect\u00e9 Sud qui regroupe les r\u00e9gions du Centre, du Sud, du Littoral, du Nord-Ouest, du Sud-Ouest et de l\u2019Ouest\u00a0\u00bb peut-on lire sur un communiqu\u00e9 sign\u00e9 ce 09 juillet par Gaston Eloundou Essomba. \u00a0<\/p>\n<p>Le Minee effectuera par ailleurs une descente ce 10 juillet \u00a0dans la ville de Mbalmayo afin de constater la fin des travaux de raccordement et proc\u00e9der \u00e0 sa mise en service. L\u2019augmentation de l\u2019\u00e9nergie produite par la centrale de Memve\u2019ele viendra renforcer la s\u00e9curit\u00e9 de l\u2019approvisionnement en \u00e9nergie \u00e9lectrique dans les r\u00e9gions susmentionn\u00e9s, \u00ab\u00a0tout en permettant au syst\u00e8me \u00e9lectrique camerounais d\u2019arr\u00eater d\u00e9finitivement l\u2019utilisation des centrales thermiques d\u2019Ebolowa, de Mbalmayo, d\u2019Ahala et d\u2019Oyomabang qui rench\u00e9rissent le co\u00fbt de production de l\u2019\u00e9lectricit\u00e9\u00a0\u00bb pr\u00e9cise le communiqu\u00e9.<\/p>\n<p>\u00a0Des sources renseignent que cette augmentation de la production devrait g\u00e9n\u00e9rer des \u00e9conomies dans la facture des combustibles \u00e0 hauteur de 350 millions de FCFA par semaine. \u00a0<\/p>\n<p><strong>Lire aussi<\/strong> : \u00a0<a href=\"https:\/\/ecomatin.net\/barrage-hydroelectrique-memveele-confie-a-edc\/\">Barrage hydro\u00e9lectrique\u00a0:\u00a0Memve\u2019ele confi\u00e9 \u00e0 EDC<\/a><\/p>\n<div class=\"awac-wrapper awac widget posts-list-widget-11\">\n<h4 class=\"widget-title\">Le plus r\u00e9cent<\/h4>\n<\/div>\n<\/div>\n<p>Auteur: Eco Matin<br \/>\n<a href=\"https:\/\/ecomatin.net\/le-barrage-de-memveele-augmente-sa-capacite-de-production\/\">Cliquez ici pour lire l&rsquo;article depuis sa source.<\/a><\/p>\n","protected":false},"excerpt":{"rendered":"<p>C\u2019est l\u2019une des retomb\u00e9s des travaux de raccordement de la ligne 225 kilovolts en provenance de la centrale hydro\u00e9lectrique de Memve\u2019ele au poste de 90\/30 kilovolts de Mbalmayo. Selon le Ministre de l\u2019eau et de l\u2019\u00e9nergie(Minee), ces travaux ont permis d\u2019accro\u00eetre \u00ab\u00a0la capacit\u00e9 d\u2019injection de la centrale hydro\u00e9lectrique de Memve\u2019ele de 60 \u00e0 90 M\u00e9gawatts, [&hellip;]<\/p>\n","protected":false},"author":1969,"featured_media":91955,"comment_status":"closed","ping_status":"closed","sticky":false,"template":"","format":"standard","meta":{"fifu_image_url":"","fifu_image_alt":"","footnotes":""},"categories":[82,78],"tags":[],"class_list":["post-91954","post","type-post","status-publish","format-standard","has-post-thumbnail","hentry","category-cameroun","category-economie"],"_links":{"self":[{"href":"https:\/\/linitiative.ca\/International\/wp-json\/wp\/v2\/posts\/91954","targetHints":{"allow":["GET"]}}],"collection":[{"href":"https:\/\/linitiative.ca\/International\/wp-json\/wp\/v2\/posts"}],"about":[{"href":"https:\/\/linitiative.ca\/International\/wp-json\/wp\/v2\/types\/post"}],"author":[{"embeddable":true,"href":"https:\/\/linitiative.ca\/International\/wp-json\/wp\/v2\/users\/1969"}],"replies":[{"embeddable":true,"href":"https:\/\/linitiative.ca\/International\/wp-json\/wp\/v2\/comments?post=91954"}],"version-history":[{"count":0,"href":"https:\/\/linitiative.ca\/International\/wp-json\/wp\/v2\/posts\/91954\/revisions"}],"wp:featuredmedia":[{"embeddable":true,"href":"https:\/\/linitiative.ca\/International\/wp-json\/"}],"wp:attachment":[{"href":"https:\/\/linitiative.ca\/International\/wp-json\/wp\/v2\/media?parent=91954"}],"wp:term":[{"taxonomy":"category","embeddable":true,"href":"https:\/\/linitiative.ca\/International\/wp-json\/wp\/v2\/categories?post=91954"},{"taxonomy":"post_tag","embeddable":true,"href":"https:\/\/linitiative.ca\/International\/wp-json\/wp\/v2\/tags?post=91954"}],"curies":[{"name":"wp","href":"https:\/\/api.w.org\/{rel}","templated":true}]}}