{"id":91958,"date":"2020-07-10T14:28:34","date_gmt":"2020-07-10T18:28:34","guid":{"rendered":"https:\/\/linitiative.ca\/International\/litige-sur-le-site-du-groupe-lanecdote-a-warda\/"},"modified":"2020-07-10T14:28:34","modified_gmt":"2020-07-10T18:28:34","slug":"litige-sur-le-site-du-groupe-lanecdote-a-warda","status":"publish","type":"post","link":"https:\/\/linitiative.ca\/International\/litige-sur-le-site-du-groupe-lanecdote-a-warda\/","title":{"rendered":"Litige sur le site du groupe l\u2019Anecdote \u00e0 Warda"},"content":{"rendered":"<p>C\u2019est Paul Loga Mahop, porte-parole de la famille Mahop qui a relanc\u00e9 les hostilit\u00e9s autour de cette affaire qui date depuis 2008. Face \u00e0 la presse ce mercredi 08 juillet, ce dernier est revenu sur le litige foncier qui l\u2019oppose \u00e0 Jean Pierre Amougou Belinga, Pr\u00e9sident directeur g\u00e9n\u00e9ral du groupe l\u2019Anecdote. Litige autour du terrain sur lequel le patron de Vision Finances est en train d\u2019\u00e9riger le nouveau si\u00e8ge du groupe l\u2019Anecdote. Pour Paul Loga Mahop, ce terrain aurait \u00e9t\u00e9 construit en violation des droits de sa famille. Dans son \u00e9dition du vendredi 10 juillet 2020, le quotidien Le jour r\u00e9v\u00e8le que ce dernier serait titulaire d\u2019un titre foncier\u00a0sur les 389 m2 tel que l\u2019indique le certificat de propri\u00e9t\u00e9 o\u00f9 l\u2019immeuble a \u00e9t\u00e9 b\u00e2ti \u00a0sur lequel le terrain a \u00e9t\u00e9 b\u00e2ti.\u00a0<\/p>\n<p>\u00ab\u00a0<em>Nous sommes propri\u00e9taires de ce terrain avec un titre foncier et un certificat de propri\u00e9t\u00e9, des documents qui ont \u00e9t\u00e9 sign\u00e9s par le conservateur. Le titre foncier date de plusieurs ann\u00e9es\u00a0\u00bb\u00a0<\/em>d\u00e9clare Paul Loga dans les colonnes du journal<em>. D\u2019apr\u00e8s ses dires, l<\/em>\u2019affaire date de 2008\u00a0; ann\u00e9e au cours de laquelle le domicile de la famille Mahop aurait \u00e9t\u00e9 \u00ab\u00a0cass\u00e9\u00a0\u00bbpar erreur par la communaut\u00e9 urbaine de Yaound\u00e9. \u00ab\u00a0<em>Le d\u00e9l\u00e9gu\u00e9 du gouvernement nous a dit lui-m\u00eame qu\u2019il avait commis une bavure. Nous avons la vid\u00e9o o\u00f9 il s\u2019exprimait ainsi. Nous attendons depuis qu\u2019il r\u00e9pare la bavure sans suite\u00a0\u00bb.<\/em><\/p>\n<p>Alors qu\u2019elle attendait encore la r\u00e9paration du pr\u00e9judice caus\u00e9, la famille Mahop dit \u00eatre surprise de constater que plusieurs personnes ont tent\u00e9 de construire sur sa propri\u00e9t\u00e9. \u00ab<em>Il y a plusieurs personnes qui sont entrain de vouloir construire sur ce terrain priv\u00e9 et titr\u00e9 o\u00f9 nous ne sommes pas les seuls. Il y a les familles Ndingue, Biloa, Epoupa, Nganso\u2026 nous sommes nombreux avec des titres fonciers. Plusieurs familles sont install\u00e9s sur ces plus de 5000m<sup>2<\/sup>\u00a0<\/em>\u00bb, confie le porte-parole de la famille. \u00a0<\/p>\n<p>A la question de savoir comment la famille Mahop a laiss\u00e9 prosp\u00e9rer la construction de cet immeuble, le porte-parole indexe la mauvaise foi de la communaut\u00e9 urbaine. \u00ab\u00a0Au lancement de ces travaux de construction nous avons obtenu l\u2019arr\u00eat des travaux sur ce terrain en premi\u00e8re instance. Mais nous sommes surpris par la mafia de la communaut\u00e9 urbaine de Yaound\u00e9. Aujourd\u2019hui, on trouve un monsieur bien connu, le grand fr\u00e8re Zomloa, qui dit qu\u2019il est en train de monter un immeuble sur quel terrain\u00a0? Un terrain qui appartient \u00e0 une succession qui a tous ses papiers. Soit il est un fils mahop, soit il est l\u2019enfant de notre feu p\u00e8re qu\u2019on ne conna\u00eet pas, soit il a \u00e9t\u00e9 tromp\u00e9 par la communaut\u00e9 urbaine\u00a0\u00bb d\u00e9clare-t-il.<\/p>\n<p>Jusqu\u2019\u00e0 pr\u00e9sent le PDG du groupe l\u2019Anecdote n\u2019a pas encore r\u00e9agit. Son conseil, Me Bayiha a tout de m\u00eame affirm\u00e9 que son client disposait de tous les documents qui lui octroyait la propri\u00e9t\u00e9 de ce terrain.<\/p>\n<p><strong>Lire aussi<\/strong> : <a href=\"https:\/\/ecomatin.net\/microfinance-vision-finance-entre-en-activite-avec-un-capital-de-1-milliard-fcfa\/\">Microfinance\u00a0: Vision Finance entre en activit\u00e9 avec un capital de 1 milliard de FCFA<\/a><\/p>\n<div class=\"awac-wrapper awac widget posts-list-widget-11\">\n<h4 class=\"widget-title\">Le plus r\u00e9cent<\/h4>\n<\/div>\n<p>Auteur: Eco Matin<br \/>\n<a href=\"https:\/\/ecomatin.net\/litige-sur-le-site-du-groupe-lanecdote-a-warda\/\">Cliquez ici pour lire l&rsquo;article depuis sa source.<\/a><\/p>\n","protected":false},"excerpt":{"rendered":"<p>C\u2019est Paul Loga Mahop, porte-parole de la famille Mahop qui a relanc\u00e9 les hostilit\u00e9s autour de cette affaire qui date depuis 2008. Face \u00e0 la presse ce mercredi 08 juillet, ce dernier est revenu sur le litige foncier qui l\u2019oppose \u00e0 Jean Pierre Amougou Belinga, Pr\u00e9sident directeur g\u00e9n\u00e9ral du groupe l\u2019Anecdote. Litige autour du terrain [&hellip;]<\/p>\n","protected":false},"author":1969,"featured_media":0,"comment_status":"closed","ping_status":"closed","sticky":false,"template":"","format":"standard","meta":{"fifu_image_url":"","fifu_image_alt":"","footnotes":""},"categories":[82,78],"tags":[],"class_list":["post-91958","post","type-post","status-publish","format-standard","hentry","category-cameroun","category-economie"],"_links":{"self":[{"href":"https:\/\/linitiative.ca\/International\/wp-json\/wp\/v2\/posts\/91958","targetHints":{"allow":["GET"]}}],"collection":[{"href":"https:\/\/linitiative.ca\/International\/wp-json\/wp\/v2\/posts"}],"about":[{"href":"https:\/\/linitiative.ca\/International\/wp-json\/wp\/v2\/types\/post"}],"author":[{"embeddable":true,"href":"https:\/\/linitiative.ca\/International\/wp-json\/wp\/v2\/users\/1969"}],"replies":[{"embeddable":true,"href":"https:\/\/linitiative.ca\/International\/wp-json\/wp\/v2\/comments?post=91958"}],"version-history":[{"count":0,"href":"https:\/\/linitiative.ca\/International\/wp-json\/wp\/v2\/posts\/91958\/revisions"}],"wp:attachment":[{"href":"https:\/\/linitiative.ca\/International\/wp-json\/wp\/v2\/media?parent=91958"}],"wp:term":[{"taxonomy":"category","embeddable":true,"href":"https:\/\/linitiative.ca\/International\/wp-json\/wp\/v2\/categories?post=91958"},{"taxonomy":"post_tag","embeddable":true,"href":"https:\/\/linitiative.ca\/International\/wp-json\/wp\/v2\/tags?post=91958"}],"curies":[{"name":"wp","href":"https:\/\/api.w.org\/{rel}","templated":true}]}}