{"id":91970,"date":"2020-07-10T11:55:49","date_gmt":"2020-07-10T15:55:49","guid":{"rendered":"https:\/\/linitiative.ca\/International\/baccalaureat-fin-de-la-premiere-session-toutes-branches-confondues\/"},"modified":"2020-07-10T11:55:49","modified_gmt":"2020-07-10T15:55:49","slug":"baccalaureat-fin-de-la-premiere-session-toutes-branches-confondues","status":"publish","type":"post","link":"https:\/\/linitiative.ca\/International\/baccalaureat-fin-de-la-premiere-session-toutes-branches-confondues\/","title":{"rendered":"Baccalaur\u00e9at: fin de la premi\u00e8re session, toutes branches confondues"},"content":{"rendered":"<p class=\"c2\"><strong>Karim Ben Amar<\/strong><\/p>\n<p class=\"has-text-color c3\"><strong>L\u2019examen national unifi\u00e9 du Baccalaur\u00e9at pour la session 2020, s\u2019est tenu les 3 et 4 juillet pour les branches lettres et sciences humaines et enseignement originel. Les candidats des branches scientifiques et techniques ainsi que ceux du baccalaur\u00e9at professionnel, ont quant \u00e0 eux, \u00e9t\u00e9 examin\u00e9s les 6,7, 8 et 9 juillet.<\/strong><\/p>\n<p>Le nombre total des candidats des branches lettres et sciences humaines et enseignement originel a atteint 181.662, dont 150.655 pr\u00e9sents, soit un taux de 97,9% chez les \u00e9l\u00e8ves et 65,7% pour les bacs libres.<\/p>\n<p>1.107 cas de fraude ont \u00e9t\u00e9 relev\u00e9s en application des mesures en vigueur du c\u00f4t\u00e9 des litt\u00e9raires. Il est \u00e0 noter que ce nombre est en baisse compar\u00e9 \u00e0 celui de l\u2019ann\u00e9e derni\u00e8re, soit -18%. Tous les cas de fraude recens\u00e9s sont en cours d\u2019\u00e9tude de la part de commissions d\u00e9di\u00e9es au sein des acad\u00e9mies r\u00e9gionales.<\/p>\n<p>Les commissions r\u00e9gionales examineront les proc\u00e8s verbaux r\u00e9dig\u00e9s afin d\u2019appliquer les sanctions appropri\u00e9es conform\u00e9ment aux dispositions de la loi 02-13 relative \u00e0 la r\u00e9pression de la fraude aux examens scolaires.<\/p>\n<p>Tout le monde s\u2019accorde \u00e0 dire que la session normale de 2020 est hors du commun. Six candidats litt\u00e9raires atteints de la Covid-19 ont pass\u00e9 le plus populaire des examens dans des centres cr\u00e9\u00e9s au niveau de l\u2019h\u00f4pital de campagne de Sidi Slimane et Sidi Yahia El Gharb, les deux installations m\u00e9dicales recevant tout les cas positifs au nouveau coronavirus.<\/p>\n<p>Il est \u00e0 noter que 311 candidats en situation de handicap ont pass\u00e9 cet examen, parmi 539 au total.<\/p>\n<p>Les centres p\u00e9nitenciers ne sont pas en reste. Pas moins de 597 candidats ont pass\u00e9 l\u2019\u00e9preuve du baccalaur\u00e9at, branches lettres et sciences humaines et enseignement originel.<\/p>\n<p>La premi\u00e8re session de l\u2019examen national unifi\u00e9 du baccalaur\u00e9at pour la session normale de 2020 arrive \u00e0 terme ce jeudi 9 juillet, qui repr\u00e9sente la derni\u00e8re journ\u00e9e d\u2019examens, toutes branches confondues (Les candidats scientifiques et litt\u00e9raires).<\/p>\n<p>Mais les candidats scientifiques aux \u00e9preuves du baccalaur\u00e9at garderont un souvenir am\u00e8re de l\u2019\u00e9preuve de math\u00e9matiques qui en a effray\u00e9 plus d\u2019un.<\/p>\n<p>C\u2019est d\u2019une seule voix que les candidats ont d\u00e9nonc\u00e9 la difficult\u00e9 du sujet ainsi que la complexit\u00e9 des probl\u00e8mes pos\u00e9s. Il est pourtant \u00e0 relever que l\u2019\u00e9preuve a port\u00e9 sur des cours dispens\u00e9s au 1er semestre.<\/p>\n<p>Ces dol\u00e9ances sont d\u2019autant plus \u00e9tranges que les questions de l\u2019\u00e9preuve de math\u00e9matique ne portaient que sur les le\u00e7ons du programme du premier semestre d\u2019une ann\u00e9e scolaire inachev\u00e9e \u00e0 cause de la pand\u00e9mie.<\/p>\n<p>Les candidats se sont \u00e9galement plaints de la longueur de l\u2019\u00e9preuve, en plus de la difficult\u00e9 des questions.<\/p>\n<p>Par ailleurs, pour rappel, les \u00e9preuves de la session de rattrapage se d\u00e9rouleront du 22 au 24 juillet, toutes branches confondues. Les r\u00e9sultats seront annonc\u00e9s le 29 juillet. Les candidats de la session 2020, doivent ainsi s\u2019armer de patience.<\/p>\n<p>Auteur: M&rsquo;hammed rahal<br \/>\n<a href=\"http:\/\/albayane.press.ma\/baccalaureat-fin-de-la-premiere-session-toutes-branches-confondues.html\">Cliquez ici pour lire l&rsquo;article depuis sa source.<\/a><\/p>\n","protected":false},"excerpt":{"rendered":"<p>Karim Ben Amar L\u2019examen national unifi\u00e9 du Baccalaur\u00e9at pour la session 2020, s\u2019est tenu les 3 et 4 juillet pour les branches lettres et sciences humaines et enseignement originel. Les candidats des branches scientifiques et techniques ainsi que ceux du baccalaur\u00e9at professionnel, ont quant \u00e0 eux, \u00e9t\u00e9 examin\u00e9s les 6,7, 8 et 9 juillet. Le [&hellip;]<\/p>\n","protected":false},"author":1760,"featured_media":0,"comment_status":"closed","ping_status":"closed","sticky":false,"template":"","format":"standard","meta":{"fifu_image_url":"","fifu_image_alt":"","footnotes":""},"categories":[73,54],"tags":[],"class_list":["post-91970","post","type-post","status-publish","format-standard","hentry","category-actualite","category-maroc"],"_links":{"self":[{"href":"https:\/\/linitiative.ca\/International\/wp-json\/wp\/v2\/posts\/91970","targetHints":{"allow":["GET"]}}],"collection":[{"href":"https:\/\/linitiative.ca\/International\/wp-json\/wp\/v2\/posts"}],"about":[{"href":"https:\/\/linitiative.ca\/International\/wp-json\/wp\/v2\/types\/post"}],"author":[{"embeddable":true,"href":"https:\/\/linitiative.ca\/International\/wp-json\/wp\/v2\/users\/1760"}],"replies":[{"embeddable":true,"href":"https:\/\/linitiative.ca\/International\/wp-json\/wp\/v2\/comments?post=91970"}],"version-history":[{"count":0,"href":"https:\/\/linitiative.ca\/International\/wp-json\/wp\/v2\/posts\/91970\/revisions"}],"wp:attachment":[{"href":"https:\/\/linitiative.ca\/International\/wp-json\/wp\/v2\/media?parent=91970"}],"wp:term":[{"taxonomy":"category","embeddable":true,"href":"https:\/\/linitiative.ca\/International\/wp-json\/wp\/v2\/categories?post=91970"},{"taxonomy":"post_tag","embeddable":true,"href":"https:\/\/linitiative.ca\/International\/wp-json\/wp\/v2\/tags?post=91970"}],"curies":[{"name":"wp","href":"https:\/\/api.w.org\/{rel}","templated":true}]}}