{"id":91983,"date":"2020-07-11T08:22:38","date_gmt":"2020-07-11T12:22:38","guid":{"rendered":"https:\/\/linitiative.ca\/International\/approbation-de-deux-conventions-en-matiere-de-sport-et-de-la-sante\/"},"modified":"2020-07-11T08:22:38","modified_gmt":"2020-07-11T12:22:38","slug":"approbation-de-deux-conventions-en-matiere-de-sport-et-de-la-sante","status":"publish","type":"post","link":"https:\/\/linitiative.ca\/International\/approbation-de-deux-conventions-en-matiere-de-sport-et-de-la-sante\/","title":{"rendered":"Approbation de deux conventions en mati\u00e8re de sport et de la sant\u00e9"},"content":{"rendered":"<div class=\"single-featured\"><img alt=\"\" data-src=\"http:\/\/www.mapmarrakech.ma\/map\/uploads\/2020\/07\/conseil-provincial-rehamna-copier.jpg\"\/><\/div>\n<div class=\"single-post-excerpt post-excerpt-bc\" readability=\"36\">\n<p>Bengu\u00e9rir (province de Rehamna) \u2013 Le Conseil provincial de Rehamna a tenu, vendredi \u00e0 Bengu\u00e9rir, une session extraordinaire consacr\u00e9e notamment \u00e0 l\u2019approbation de deux conventions dans les domaines du sport et de la sant\u00e9.<\/p>\n<\/div>\n<div class=\"entry-content clearfix single-post-content\" readability=\"64\">\n<p>Cette session, qui s\u2019est d\u00e9roul\u00e9e en pr\u00e9sence notamment, de M. Mustapha Cherkaoui, pr\u00e9sident de cette instance \u00e9lue ainsi que du gouverneur de la province, Aziz Bouignane, a \u00e9t\u00e9 marqu\u00e9e par l\u2019adoption des quatre points figurant \u00e0 l\u2019ordre du jour.<\/p>\n<p>Ainsi, il a \u00e9t\u00e9 proc\u00e9d\u00e9 \u00e0 l\u2019approbation d\u2019un avenant \u00e0 la convention de partenariat entre le Conseil provincial et l\u2019Association du Club Jeunesse de Bengu\u00e9rir de football, en vertu duquel l\u2019\u00e9quipe de la Botola Pro D2 b\u00e9n\u00e9ficiera d\u2019une subvention de 700.000 DH afin de faire face aux difficult\u00e9s financi\u00e8res dont elle souffre et de l\u2019aider \u00e0 obtenir des r\u00e9sultats positifs pour la r\u00e9alisation de la mont\u00e9e lors de la prochaine saison.<\/p>\n<p>Le Conseil a, en outre, adopt\u00e9 un projet d\u2019avenant \u00e0 la convention de partenariat avec l\u2019Association \u00ab\u00a0Les amis du malade\u00a0\u00bb, qui pr\u00e9voit l\u2019octroi de 400.000 DH \u00e0 cette organisation pour financer son programme d\u2019action.<\/p>\n<p>Ledit programme d\u2019action s\u2019articule autour de la lutte contre la pr\u00e9carit\u00e9 en permettant aux cat\u00e9gories n\u00e9cessiteuses de b\u00e9n\u00e9ficier des prestations m\u00e9dicales et en oeuvrant \u00e0 rapprocher ces services des populations locales, notamment la femme et l\u2019enfant.<\/p>\n<p>Le Conseil provincial de Rehamna a, par ailleurs, valid\u00e9 le transfert de cr\u00e9dits et la d\u00e9signation de MM. Mahfoud Zahi et Hassan Ezzatouti en tant que repr\u00e9sentants de cette instance \u00e9lue au sein du Comit\u00e9 technique provincial pour la prise de mesures en mati\u00e8re d\u2019\u00e9conomie d\u2019eau.<\/p>\n<\/div>\n<p>Auteur: Meriem IGASS<br \/>\n<a href=\"http:\/\/www.mapmarrakech.ma\/fr\/approbation-de-deux-conventions-en-matiere-de-sport-et-de-la-sante\/\">Cliquez ici pour lire l&rsquo;article depuis sa source.<\/a><\/p>\n","protected":false},"excerpt":{"rendered":"<p>Bengu\u00e9rir (province de Rehamna) \u2013 Le Conseil provincial de Rehamna a tenu, vendredi \u00e0 Bengu\u00e9rir, une session extraordinaire consacr\u00e9e notamment \u00e0 l\u2019approbation de deux conventions dans les domaines du sport et de la sant\u00e9. Cette session, qui s\u2019est d\u00e9roul\u00e9e en pr\u00e9sence notamment, de M. Mustapha Cherkaoui, pr\u00e9sident de cette instance \u00e9lue ainsi que du gouverneur [&hellip;]<\/p>\n","protected":false},"author":1788,"featured_media":91984,"comment_status":"closed","ping_status":"closed","sticky":false,"template":"","format":"standard","meta":{"fifu_image_url":"","fifu_image_alt":"","footnotes":""},"categories":[54,76],"tags":[],"class_list":["post-91983","post","type-post","status-publish","format-standard","has-post-thumbnail","hentry","category-maroc","category-regions"],"_links":{"self":[{"href":"https:\/\/linitiative.ca\/International\/wp-json\/wp\/v2\/posts\/91983","targetHints":{"allow":["GET"]}}],"collection":[{"href":"https:\/\/linitiative.ca\/International\/wp-json\/wp\/v2\/posts"}],"about":[{"href":"https:\/\/linitiative.ca\/International\/wp-json\/wp\/v2\/types\/post"}],"author":[{"embeddable":true,"href":"https:\/\/linitiative.ca\/International\/wp-json\/wp\/v2\/users\/1788"}],"replies":[{"embeddable":true,"href":"https:\/\/linitiative.ca\/International\/wp-json\/wp\/v2\/comments?post=91983"}],"version-history":[{"count":0,"href":"https:\/\/linitiative.ca\/International\/wp-json\/wp\/v2\/posts\/91983\/revisions"}],"wp:featuredmedia":[{"embeddable":true,"href":"https:\/\/linitiative.ca\/International\/wp-json\/"}],"wp:attachment":[{"href":"https:\/\/linitiative.ca\/International\/wp-json\/wp\/v2\/media?parent=91983"}],"wp:term":[{"taxonomy":"category","embeddable":true,"href":"https:\/\/linitiative.ca\/International\/wp-json\/wp\/v2\/categories?post=91983"},{"taxonomy":"post_tag","embeddable":true,"href":"https:\/\/linitiative.ca\/International\/wp-json\/wp\/v2\/tags?post=91983"}],"curies":[{"name":"wp","href":"https:\/\/api.w.org\/{rel}","templated":true}]}}