{"id":91998,"date":"2020-07-11T15:13:21","date_gmt":"2020-07-11T19:13:21","guid":{"rendered":"https:\/\/linitiative.ca\/International\/international-real-quand-gareth-bale-nargue-les-cameras-video\/"},"modified":"2020-07-11T15:13:21","modified_gmt":"2020-07-11T19:13:21","slug":"international-real-quand-gareth-bale-nargue-les-cameras-video","status":"publish","type":"post","link":"https:\/\/linitiative.ca\/International\/international-real-quand-gareth-bale-nargue-les-cameras-video\/","title":{"rendered":"International : Real : Quand Gareth Bale nargue les cam\u00e9ras (Vid\u00e9o)"},"content":{"rendered":"<div readability=\"32\">\n<p>Auteur : <span class=\"time\">samedi 11 juillet 2020 13:40<\/span><\/p>\n<\/div>\n<div id=\"post_core\" readability=\"48\">\n<p>Karim Benzema et Marco Asensio ont marqu\u00e9 les deux buts madril\u00e8nes, alors que Gareth Bale, dont les jours sont plus que jamais compt\u00e9s \u00e0 Madrid, est rest\u00e9 sur le banc durant toute la rencontre comme l&rsquo;indique Footmercato.<\/p>\n<p>Forc\u00e9ment, il avait un peu de temps pour s&rsquo;amuser un peu. Voyant que la cam\u00e9ra \u00e9tait en train de le filmer, le Gallois a mis son masque sur les yeux, puis fait mine de dormir sur le banc de touche. Une situation qui a bien fait rire ses co\u00e9quipiers et le principal int\u00e9ress\u00e9, m\u00eame si les supporters madril\u00e8nes attendent sans doute qu&rsquo;il se r\u00e9veille apr\u00e8s de longs mois sans \u00e9clat.<\/p>\n<p><iframe loading=\"lazy\" allow=\"accelerometer; autoplay; encrypted-media; gyroscope; picture-in-picture\" allowfullscreen=\"\" frameborder=\"0\" height=\"315\" src=\"https:\/\/www.youtube.com\/embed\/qwpdoVsTfII\" width=\"560\">[embedded content]<\/iframe><\/p>\n<p><strong>Publi\u00e9 dans :<\/strong> <span>real madrid<\/span><\/p>\n<\/div>\n<p>Auteur:<br \/>\n<a href=\"http:\/\/www.lebuteur.com\/article\/detail?titre=real-quand-gareth-bale-nargue-les-cameras-video&#038;id=96556&#038;utm_source=feedburner&#038;utm_medium=feed&#038;utm_campaign=Feed%3A+GalerieFArtciles+%28Les+derniers+articles++-+lebuteur.com%29\">Cliquez ici pour lire l&rsquo;article depuis sa source.<\/a><\/p>\n","protected":false},"excerpt":{"rendered":"<p>Auteur : samedi 11 juillet 2020 13:40 Karim Benzema et Marco Asensio ont marqu\u00e9 les deux buts madril\u00e8nes, alors que Gareth Bale, dont les jours sont plus que jamais compt\u00e9s \u00e0 Madrid, est rest\u00e9 sur le banc durant toute la rencontre comme l&rsquo;indique Footmercato. Forc\u00e9ment, il avait un peu de temps pour s&rsquo;amuser un peu. [&hellip;]<\/p>\n","protected":false},"author":1738,"featured_media":91999,"comment_status":"closed","ping_status":"closed","sticky":false,"template":"","format":"standard","meta":{"fifu_image_url":"","fifu_image_alt":"","footnotes":""},"categories":[53,75],"tags":[],"class_list":["post-91998","post","type-post","status-publish","format-standard","has-post-thumbnail","hentry","category-algerie","category-sport"],"_links":{"self":[{"href":"https:\/\/linitiative.ca\/International\/wp-json\/wp\/v2\/posts\/91998","targetHints":{"allow":["GET"]}}],"collection":[{"href":"https:\/\/linitiative.ca\/International\/wp-json\/wp\/v2\/posts"}],"about":[{"href":"https:\/\/linitiative.ca\/International\/wp-json\/wp\/v2\/types\/post"}],"author":[{"embeddable":true,"href":"https:\/\/linitiative.ca\/International\/wp-json\/wp\/v2\/users\/1738"}],"replies":[{"embeddable":true,"href":"https:\/\/linitiative.ca\/International\/wp-json\/wp\/v2\/comments?post=91998"}],"version-history":[{"count":0,"href":"https:\/\/linitiative.ca\/International\/wp-json\/wp\/v2\/posts\/91998\/revisions"}],"wp:featuredmedia":[{"embeddable":true,"href":"https:\/\/linitiative.ca\/International\/wp-json\/"}],"wp:attachment":[{"href":"https:\/\/linitiative.ca\/International\/wp-json\/wp\/v2\/media?parent=91998"}],"wp:term":[{"taxonomy":"category","embeddable":true,"href":"https:\/\/linitiative.ca\/International\/wp-json\/wp\/v2\/categories?post=91998"},{"taxonomy":"post_tag","embeddable":true,"href":"https:\/\/linitiative.ca\/International\/wp-json\/wp\/v2\/tags?post=91998"}],"curies":[{"name":"wp","href":"https:\/\/api.w.org\/{rel}","templated":true}]}}