{"id":92004,"date":"2020-07-11T15:13:29","date_gmt":"2020-07-11T19:13:29","guid":{"rendered":"https:\/\/linitiative.ca\/International\/international-un-nouveau-geste-de-classe-de-zidane-pour-lalgerie\/"},"modified":"2020-07-11T15:13:29","modified_gmt":"2020-07-11T19:13:29","slug":"international-un-nouveau-geste-de-classe-de-zidane-pour-lalgerie","status":"publish","type":"post","link":"https:\/\/linitiative.ca\/International\/international-un-nouveau-geste-de-classe-de-zidane-pour-lalgerie\/","title":{"rendered":"International : Un nouveau geste de classe de Zidane pour l\u2019Alg\u00e9rie"},"content":{"rendered":"<div readability=\"32\">\n<p>Auteur : <span class=\"time\">samedi 11 juillet 2020 17:42<\/span><\/p>\n<\/div>\n<div id=\"post_core\" readability=\"40\">\n<p>Zinedine Zidane continue de montrer son attachement pour l\u2019Alg\u00e9rie. L\u2019entra\u00eeneur du Real Madrid a, encore une fois, fait des dons humanitaires au pays de ses parents pour la lutte contre la propagation du Covid-19 en Alg\u00e9rie. Apr\u00e8s Bejaia, et Tizi Ouzou, l\u2019h\u00f4pital de S\u00e9tif vient de recevoir du mat\u00e9riel m\u00e9dical de la part de la fondation Zinedine Zidane. Il s\u2019agit de deux lits de r\u00e9animation \u00e9quip\u00e9s de toutes les fournitures, en plus de pousse-seringues d\u00e9di\u00e9s au service de r\u00e9animation de l\u2019\u00e9tablissement hospitalier. Encore un geste de classe de Zizou.<\/p>\n<p><strong>Publi\u00e9 dans :<\/strong> <span>Zidane<\/span><\/p>\n<\/div>\n<p>Auteur:<br \/>\n<a href=\"http:\/\/www.lebuteur.com\/article\/detail?titre=un-nouveau-geste-de-classe-de-zidane-pour-lalgerie&#038;id=96559&#038;utm_source=feedburner&#038;utm_medium=feed&#038;utm_campaign=Feed%3A+GalerieFArtciles+%28Les+derniers+articles++-+lebuteur.com%29\">Cliquez ici pour lire l&rsquo;article depuis sa source.<\/a><\/p>\n","protected":false},"excerpt":{"rendered":"<p>Auteur : samedi 11 juillet 2020 17:42 Zinedine Zidane continue de montrer son attachement pour l\u2019Alg\u00e9rie. L\u2019entra\u00eeneur du Real Madrid a, encore une fois, fait des dons humanitaires au pays de ses parents pour la lutte contre la propagation du Covid-19 en Alg\u00e9rie. Apr\u00e8s Bejaia, et Tizi Ouzou, l\u2019h\u00f4pital de S\u00e9tif vient de recevoir du [&hellip;]<\/p>\n","protected":false},"author":1738,"featured_media":92005,"comment_status":"closed","ping_status":"closed","sticky":false,"template":"","format":"standard","meta":{"fifu_image_url":"","fifu_image_alt":"","footnotes":""},"categories":[53,75],"tags":[],"class_list":["post-92004","post","type-post","status-publish","format-standard","has-post-thumbnail","hentry","category-algerie","category-sport"],"_links":{"self":[{"href":"https:\/\/linitiative.ca\/International\/wp-json\/wp\/v2\/posts\/92004","targetHints":{"allow":["GET"]}}],"collection":[{"href":"https:\/\/linitiative.ca\/International\/wp-json\/wp\/v2\/posts"}],"about":[{"href":"https:\/\/linitiative.ca\/International\/wp-json\/wp\/v2\/types\/post"}],"author":[{"embeddable":true,"href":"https:\/\/linitiative.ca\/International\/wp-json\/wp\/v2\/users\/1738"}],"replies":[{"embeddable":true,"href":"https:\/\/linitiative.ca\/International\/wp-json\/wp\/v2\/comments?post=92004"}],"version-history":[{"count":0,"href":"https:\/\/linitiative.ca\/International\/wp-json\/wp\/v2\/posts\/92004\/revisions"}],"wp:featuredmedia":[{"embeddable":true,"href":"https:\/\/linitiative.ca\/International\/wp-json\/"}],"wp:attachment":[{"href":"https:\/\/linitiative.ca\/International\/wp-json\/wp\/v2\/media?parent=92004"}],"wp:term":[{"taxonomy":"category","embeddable":true,"href":"https:\/\/linitiative.ca\/International\/wp-json\/wp\/v2\/categories?post=92004"},{"taxonomy":"post_tag","embeddable":true,"href":"https:\/\/linitiative.ca\/International\/wp-json\/wp\/v2\/tags?post=92004"}],"curies":[{"name":"wp","href":"https:\/\/api.w.org\/{rel}","templated":true}]}}