{"id":92033,"date":"2020-07-11T07:40:05","date_gmt":"2020-07-11T11:40:05","guid":{"rendered":"https:\/\/linitiative.ca\/International\/coronavirus-transmission-possible-de-la-mere-au-bebe-etude\/"},"modified":"2020-07-11T07:40:05","modified_gmt":"2020-07-11T11:40:05","slug":"coronavirus-transmission-possible-de-la-mere-au-bebe-etude","status":"publish","type":"post","link":"https:\/\/linitiative.ca\/International\/coronavirus-transmission-possible-de-la-mere-au-bebe-etude\/","title":{"rendered":"Coronavirus: Transmission possible de la m\u00e8re au b\u00e9b\u00e9 [\u00e9tude]"},"content":{"rendered":"<p><strong>Les m\u00e8res positives pour le Covid-19 peuvent transmettre le virus \u00e0 leurs enfants \u00e0 na\u00eetre, d\u2019apr\u00e8s de \u00ab\u00a0solides preuves\u00a0\u00bb d\u00e9voil\u00e9es par des chercheurs dont les travaux pourraient avoir un impact sur la protection des femmes enceintes pendant la pand\u00e9mie.<\/strong><\/p>\n<div class=\"c10\"\/>\n<p>Bien qu\u2019il y ait eu que des cas isol\u00e9s de b\u00e9b\u00e9s infect\u00e9s par le nouveau coronavirus, ces r\u00e9sultats montrent le lien le plus fort \u00e0 ce jour sur la transmission m\u00e8re-enfant. Les chercheurs ont \u00e9tudi\u00e9 31 femmes enceintes hospitalis\u00e9es infect\u00e9es et ont trouv\u00e9 le virus dans un placenta \u00e0 terme, le cordon ombilical, le vagin d\u2019une femme et dans le lait maternel.<\/p>\n<p>Ils ont \u00e9galement identifi\u00e9 des anticorps sp\u00e9cifiques du Covid-19 dans les cordons ombilicaux chez plusieurs femmes ainsi que dans des \u00e9chantillons de lait.<br \/>Claudio Fenizia, de l\u2019Universit\u00e9 de Milan et auteur principal de l\u2019\u00e9tude, a d\u00e9clar\u00e9 que les r\u00e9sultats \u00ab\u00a0sugg\u00e8rent fortement\u00a0\u00bb qu\u2019une transmission in utero est possible. \u00ab\u00a0Compte tenu du nombre de personnes infect\u00e9es dans le monde, le nombre de femmes susceptibles d\u2019\u00eatre touch\u00e9es par ce ph\u00e9nom\u00e8ne pourrait \u00eatre potentiellement tr\u00e8s \u00e9lev\u00e9\u00a0\u00bb, a-t-il expliqu\u00e9 \u00e0 l\u2019AFP.<\/p>\n<p><strong>Lire aussi |<a href=\"https:\/\/www.challenge.ma\/coronavirus-lonu-alerte-sur-les-trafics-de-masques-et-de-produits-medicaux-148119\/\">Coronavirus: L\u2019ONU alerte sur les trafics de masques et de produits m\u00e9dicaux<\/a><\/strong><\/p>\n<p>Aucun des nourrissons n\u00e9s au cours de la p\u00e9riode d\u2019\u00e9tude n\u2019\u00e9tait positif pour le Covid-19, a soulign\u00e9 le chercheur. \u00ab\u00a0Bien que la transmission in utero semble possible, il est trop t\u00f4t pour \u00e9valuer clairement le risque et les cons\u00e9quences potentielles\u00a0\u00bb, a-t-il dit.<\/p>\n<p>L\u2019Organisation mondiale de la sant\u00e9 (OMS) a indiqu\u00e9 le mois dernier que les m\u00e8res infect\u00e9es par le nouveau coronavirus devraient continuer \u00e0 allaiter. \u00ab\u00a0Nous savons que les enfants courent un risque relativement faible de Covid-19, mais sont \u00e0 risque \u00e9lev\u00e9 de nombreuses autres maladies et affections que l\u2019allaitement maternel emp\u00eache\u00a0\u00bb, a d\u00e9clar\u00e9 le directeur g\u00e9n\u00e9ral de l\u2019OMS, Tedros Adhanom Ghebreyesus.<\/p>\n<p>Entre autres d\u00e9couvertes, l\u2019\u00e9quipe a identifi\u00e9 une r\u00e9ponse inflammatoire sp\u00e9cifique d\u00e9clench\u00e9e par le Covid-19 chez ces femmes dans le plasma sanguin du placenta et du cordon ombilical.<br \/>Les femmes \u00e9tudi\u00e9es \u00e9taient toutes dans leur troisi\u00e8me trimestre de grossesse, a pr\u00e9cis\u00e9 le chercheur ajoutant que davantage de recherches sont en cours parmi des femmes positives pour le Covid-19 aux premiers stades de la grossesse. \u00ab\u00a0Notre \u00e9tude vise \u00e0 sensibiliser et \u00e0 inviter la communaut\u00e9 scientifique \u00e0 consid\u00e9rer la grossesse chez les femmes s\u00e9ropositives comme un sujet urgent \u00e0 caract\u00e9riser et d\u00e9cortiquer davantage\u00a0\u00bb, a lanc\u00e9 le Pr Fenizia.<\/p>\n<p><strong>Lire aussi |<a href=\"https:\/\/www.challenge.ma\/maroc-letat-durgence-sanitaire-prolonge-dun-mois-148203\/\">Maroc : l\u2019\u00e9tat d\u2019urgence sanitaire prolong\u00e9 d\u2019un mois<\/a><\/strong><\/p>\n<p>\u00ab\u00a0Je crois que la promotion de la pr\u00e9vention est le conseil le plus s\u00fbr que nous pourrions \u00e9ventuellement donner d\u00e8s maintenant \u00e0 ces patientes\u00a0\u00bb.<br \/>L\u2019\u00e9tude a \u00e9t\u00e9 rendue publique lors de la 23e conf\u00e9rence internationale sur le sida organis\u00e9e cette semaine, pour la premi\u00e8re fois en ligne en raison de la pand\u00e9mie du Covid-19.<\/p>\n<p>Avec AFP<\/p>\n<div class=\"vw-sticky-sidebar-wrapper vw-sticky-sidebar widget_text awac-wrapper widget_text awac widget custom_html-4 textwidget custom-html-widget\">\n<p class=\"has-background c12\"><span class=\"widget-title c11\">Tribune et D\u00e9bats<\/span><\/p>\n<p>La tribune qui vous parle d\u2019une actu, d\u2019un sujet qui fait d\u00e9bat, les traitent et les analysent. \u00c9conomistes et autres experts, patrons d\u2019entreprises, d\u00e9cideurs, acteurs de la soci\u00e9t\u00e9 civile, s\u2019y prononcent et contribuent \u00e0 sa grande richesse. Vous avez votre opinion, convergente ou diff\u00e9rente. Exprimez-la et mesurez-vous ainsi \u00e0 nos tribuns et d\u00e9batteurs.<\/p>\n<p>Envoyez vos analyses \u00e0 : <a href=\"\/cdn-cgi\/l\/email-protection#690a06071d080a1d290a010805050c070e0c470408\"><span class=\"__cf_email__\" data-cfemail=\"04676b6a7065677044676c656868616a63612a6965\">[email\u00a0protected]<\/span><\/a>, en pr\u00e9cisant votre nom, votre pr\u00e9nom et votre m\u00e9tier.<\/p>\n<\/div>\n<p>Auteur: Hajar DARI<br \/>\n<a href=\"https:\/\/www.challenge.ma\/coronavirus-transmission-possible-de-la-mere-au-bebe-etude-148468\/\">Cliquez ici pour lire l&rsquo;article depuis sa source.<\/a><\/p>\n","protected":false},"excerpt":{"rendered":"<p>Les m\u00e8res positives pour le Covid-19 peuvent transmettre le virus \u00e0 leurs enfants \u00e0 na\u00eetre, d\u2019apr\u00e8s de \u00ab\u00a0solides preuves\u00a0\u00bb d\u00e9voil\u00e9es par des chercheurs dont les travaux pourraient avoir un impact sur la protection des femmes enceintes pendant la pand\u00e9mie. Bien qu\u2019il y ait eu que des cas isol\u00e9s de b\u00e9b\u00e9s infect\u00e9s par le nouveau coronavirus, [&hellip;]<\/p>\n","protected":false},"author":1787,"featured_media":0,"comment_status":"closed","ping_status":"closed","sticky":false,"template":"","format":"standard","meta":{"fifu_image_url":"","fifu_image_alt":"","footnotes":""},"categories":[78,54],"tags":[],"class_list":["post-92033","post","type-post","status-publish","format-standard","hentry","category-economie","category-maroc"],"_links":{"self":[{"href":"https:\/\/linitiative.ca\/International\/wp-json\/wp\/v2\/posts\/92033","targetHints":{"allow":["GET"]}}],"collection":[{"href":"https:\/\/linitiative.ca\/International\/wp-json\/wp\/v2\/posts"}],"about":[{"href":"https:\/\/linitiative.ca\/International\/wp-json\/wp\/v2\/types\/post"}],"author":[{"embeddable":true,"href":"https:\/\/linitiative.ca\/International\/wp-json\/wp\/v2\/users\/1787"}],"replies":[{"embeddable":true,"href":"https:\/\/linitiative.ca\/International\/wp-json\/wp\/v2\/comments?post=92033"}],"version-history":[{"count":0,"href":"https:\/\/linitiative.ca\/International\/wp-json\/wp\/v2\/posts\/92033\/revisions"}],"wp:attachment":[{"href":"https:\/\/linitiative.ca\/International\/wp-json\/wp\/v2\/media?parent=92033"}],"wp:term":[{"taxonomy":"category","embeddable":true,"href":"https:\/\/linitiative.ca\/International\/wp-json\/wp\/v2\/categories?post=92033"},{"taxonomy":"post_tag","embeddable":true,"href":"https:\/\/linitiative.ca\/International\/wp-json\/wp\/v2\/tags?post=92033"}],"curies":[{"name":"wp","href":"https:\/\/api.w.org\/{rel}","templated":true}]}}