{"id":92046,"date":"2020-07-11T12:32:15","date_gmt":"2020-07-11T16:32:15","guid":{"rendered":"https:\/\/linitiative.ca\/International\/covid19-au-burkina-12-nouveaux-cas-confirmes-02-guerisons-et-00-deces-a-la-date-du-09-juillet-2020\/"},"modified":"2020-07-11T12:32:15","modified_gmt":"2020-07-11T16:32:15","slug":"covid19-au-burkina-12-nouveaux-cas-confirmes-02-guerisons-et-00-deces-a-la-date-du-09-juillet-2020","status":"publish","type":"post","link":"https:\/\/linitiative.ca\/International\/covid19-au-burkina-12-nouveaux-cas-confirmes-02-guerisons-et-00-deces-a-la-date-du-09-juillet-2020\/","title":{"rendered":"COVID19 au Burkina : 12 nouveaux cas confirm\u00e9s, 02 gu\u00e9risons et 00 d\u00e9c\u00e8s \u00e0 la date du 09 juillet 2020."},"content":{"rendered":"<div class=\"td-post-sharing-top td-post-sharing td-ps-bg td-ps-padding td-ps-bar td-post-sharing-style6\">\n<div class=\"td-post-sharing-visible\"><a class=\"td-social-sharing-button td-social-sharing-button-js td-social-network td-social-facebook\" href=\"https:\/\/www.facebook.com\/sharer.php?u=https%3A%2F%2Fwww.sidwaya.info%2Fblog%2F2020%2F07%2F11%2Fcovid19-au-burkina-12-nouveaux-cas-confirmes-02-guerisons-et-00-deces-a-la-date-du-09-juillet-2020%2F\"\/><\/p>\n<p>Facebook<\/p>\n<p><a class=\"td-social-sharing-button td-social-sharing-button-js td-social-network td-social-twitter\" href=\"https:\/\/twitter.com\/intent\/tweet?text=COVID19+au+Burkina+%3A+12+nouveaux+cas+confirm%C3%A9s%2C+02+gu%C3%A9risons+et+00+d%C3%A9c%C3%A8s+%C3%A0+la+date+du+09+juillet+2020.&amp;url=https%3A%2F%2Fwww.sidwaya.info%2Fblog%2F2020%2F07%2F11%2Fcovid19-au-burkina-12-nouveaux-cas-confirmes-02-guerisons-et-00-deces-a-la-date-du-09-juillet-2020%2F&amp;via=Quotidien+Sidwaya\"\/><\/p>\n<p>Twitter<\/p>\n<p><a class=\"td-social-sharing-button td-social-sharing-button-js td-social-network td-social-pinterest\" href=\"https:\/\/pinterest.com\/pin\/create\/button\/?url=https:\/\/www.sidwaya.info\/blog\/2020\/07\/11\/covid19-au-burkina-12-nouveaux-cas-confirmes-02-guerisons-et-00-deces-a-la-date-du-09-juillet-2020\/&amp;media=&amp;description=COVID19+au+Burkina+%3A+12+nouveaux+cas+confirm%C3%A9s%2C+02+gu%C3%A9risons+et+00+d%C3%A9c%C3%A8s+%C3%A0+la+date+du+09+juillet+2020.\"\/><\/p>\n<p>Pinterest<\/p>\n<p><a class=\"td-social-sharing-button td-social-sharing-button-js td-social-network td-social-whatsapp\" href=\"whatsapp:\/\/send?text=COVID19+au+Burkina+%3A+12+nouveaux+cas+confirm%C3%A9s%2C+02+gu%C3%A9risons+et+00+d%C3%A9c%C3%A8s+%C3%A0+la+date+du+09+juillet+2020.%20%0A%0A%20https:\/\/www.sidwaya.info\/blog\/2020\/07\/11\/covid19-au-burkina-12-nouveaux-cas-confirmes-02-guerisons-et-00-deces-a-la-date-du-09-juillet-2020\/\"\/><\/p>\n<p>WhatsApp<\/p>\n<p><a class=\"td-social-sharing-button td-social-sharing-button-js td-social-network td-social-linkedin\" href=\"https:\/\/www.linkedin.com\/shareArticle?mini=true&amp;url=https:\/\/www.sidwaya.info\/blog\/2020\/07\/11\/covid19-au-burkina-12-nouveaux-cas-confirmes-02-guerisons-et-00-deces-a-la-date-du-09-juillet-2020\/&amp;title=COVID19+au+Burkina+%3A+12+nouveaux+cas+confirm%C3%A9s%2C+02+gu%C3%A9risons+et+00+d%C3%A9c%C3%A8s+%C3%A0+la+date+du+09+juillet+2020.\"\/><\/p>\n<p>Linkedin<\/p>\n<p><a class=\"td-social-sharing-button td-social-sharing-button-js td-social-network td-social-mail\" href=\"mailto:?subject=COVID19%20au%20Burkina%20:%2012%20nouveaux%20cas%20confirm%C3%A9s,%2002%20gu%C3%A9risons%20et%2000%20d%C3%A9c%C3%A8s%20%C3%A0%20la%20date%20du%2009%20juillet%202020.&amp;body=https:\/\/www.sidwaya.info\/blog\/2020\/07\/11\/covid19-au-burkina-12-nouveaux-cas-confirmes-02-guerisons-et-00-deces-a-la-date-du-09-juillet-2020\/\"\/><\/p>\n<p>Email<\/p>\n<p><a class=\"td-social-sharing-button td-social-sharing-button-js td-social-network td-social-print\" href=\"#\"\/><\/p>\n<p>Print<\/p>\n<p><a class=\"td-social-sharing-button td-social-sharing-button-js td-social-network td-social-tumblr\" href=\"https:\/\/www.tumblr.com\/share\/link?url=https:\/\/www.sidwaya.info\/blog\/2020\/07\/11\/covid19-au-burkina-12-nouveaux-cas-confirmes-02-guerisons-et-00-deces-a-la-date-du-09-juillet-2020\/&amp;name=COVID19%20au%20Burkina%20:%2012%20nouveaux%20cas%20confirm%C3%A9s,%2002%20gu%C3%A9risons%20et%2000%20d%C3%A9c%C3%A8s%20%C3%A0%20la%20date%20du%2009%20juillet%202020.\"\/><\/p>\n<p>Tumblr<\/p>\n<p><a class=\"td-social-sharing-button td-social-sharing-button-js td-social-network td-social-telegram\" href=\"https:\/\/telegram.me\/share\/url?url=https:\/\/www.sidwaya.info\/blog\/2020\/07\/11\/covid19-au-burkina-12-nouveaux-cas-confirmes-02-guerisons-et-00-deces-a-la-date-du-09-juillet-2020\/&amp;text=COVID19+au+Burkina+%3A+12+nouveaux+cas+confirm%C3%A9s%2C+02+gu%C3%A9risons+et+00+d%C3%A9c%C3%A8s+%C3%A0+la+date+du+09+juillet+2020.\"\/><\/p>\n<p>Telegram<\/p>\n<p><a class=\"td-social-sharing-button td-social-sharing-button-js td-social-network td-social-viber\" href=\"viber:\/\/forward?text=COVID19+au+Burkina+%3A+12+nouveaux+cas+confirm%C3%A9s%2C+02+gu%C3%A9risons+et+00+d%C3%A9c%C3%A8s+%C3%A0+la+date+du+09+juillet+2020.%20https:\/\/www.sidwaya.info\/blog\/2020\/07\/11\/covid19-au-burkina-12-nouveaux-cas-confirmes-02-guerisons-et-00-deces-a-la-date-du-09-juillet-2020\/\"\/><\/p>\n<p>Viber<\/p>\n<p><a class=\"td-social-sharing-button td-social-sharing-button-js td-social-network td-social-naver\" href=\"https:\/\/share.naver.com\/web\/shareView.nhn?url=https:\/\/www.sidwaya.info\/blog\/2020\/07\/11\/covid19-au-burkina-12-nouveaux-cas-confirmes-02-guerisons-et-00-deces-a-la-date-du-09-juillet-2020\/&amp;title=COVID19+au+Burkina+%3A+12+nouveaux+cas+confirm%C3%A9s%2C+02+gu%C3%A9risons+et+00+d%C3%A9c%C3%A8s+%C3%A0+la+date+du+09+juillet+2020.\"\/><\/p>\n<p>Naver<\/p>\n<\/div>\n<\/div>\n<div class=\"td-post-content tagdiv-type\" readability=\"54\">\n<p>A la date du 09 juillet 2020, la situation de la maladie \u00e0 Coronavirus au Burkina Faso se pr\u00e9sente comme suit :<\/p>\n<p>437 \u00e9chantillons analys\u00e9s, r\u00e9partis en :<br \/>\u2013 308 tests de d\u00e9pistage volontaire ;<br \/>\u2013 69 tests de cas contacts ;<br \/>\u2013 36 tests de voyageurs ;<br \/>\u2013 01 test d\u2019une personne vuln\u00e9rable ;<br \/>\u2013 06 tests de cas suspects ;<br \/>\u2013 17 tests de contr\u00f4les ;<br \/>Nombre de nouveaux cas confirm\u00e9s : 12, dont 06 \u00e0 Gorom-Gorom, 03 \u00e0 Fada N\u2019Gourma, 02 \u00e0 Ouagadougou et 01 \u00e0 Kombissiri tous \u00e0 transmissions communautaires.<br \/>Nombre de gu\u00e9risons : 02, portant \u00e0 869, le total des gu\u00e9risons ;<br \/>Nombre de d\u00e9c\u00e8s : 00, total des d\u00e9c\u00e8s 53 ;<br \/>Nombre de cas actifs : 111 ;<\/p>\n<div class=\"td-a-rec td-a-rec-id-content_inline tdi_30_2a0 td_block_template_1\"><img loading=\"lazy\" decoding=\"async\" class=\"aligncenter size-full wp-image-21314\" src=\"https:\/\/www.sidwaya.info\/wp-content\/uploads\/2020\/04\/Bandeau-Covid-19-Sidwaya-1.jpg\" alt=\"\" width=\"790\" height=\"98\"\/><\/div>\n<p>Nombre de cas confirm\u00e9s depuis le 09 mars 2020 : 1033 dont 368 femmes et 665 hommes.<\/p>\n<p>Le gouvernement remercie tous les acteurs pour leur engagement et leur d\u00e9termination dans la lutte contre la COVID-19.<\/p>\n<p>Le gouvernement rappelle que le respect strict des mesures barri\u00e8res est essentiel pour \u00e9viter la propagation de la maladie \u00e0 Coronavirus.<\/p>\n<p><img loading=\"lazy\" decoding=\"async\" class=\"alignnone size-medium wp-image-24346\" src=\"https:\/\/www.sidwaya.info\/wp-content\/uploads\/2020\/07\/corona-5174671_960_720-300x200.jpg\" alt=\"\" width=\"300\" height=\"200\" srcset=\"https:\/\/www.sidwaya.info\/wp-content\/uploads\/2020\/07\/corona-5174671_960_720-300x200.jpg 300w, https:\/\/www.sidwaya.info\/wp-content\/uploads\/2020\/07\/corona-5174671_960_720-768x512.jpg 768w, https:\/\/www.sidwaya.info\/wp-content\/uploads\/2020\/07\/corona-5174671_960_720-696x464.jpg 696w, https:\/\/www.sidwaya.info\/wp-content\/uploads\/2020\/07\/corona-5174671_960_720-630x420.jpg 630w, https:\/\/www.sidwaya.info\/wp-content\/uploads\/2020\/07\/corona-5174671_960_720.jpg 960w\" sizes=\"auto, (max-width: 300px) 100vw, 300px\"\/><\/p>\n<div class=\"td-a-rec td-a-rec-id-content_bottom tdi_31_f2f td_block_template_1\"><img loading=\"lazy\" decoding=\"async\" class=\"aligncenter size-full wp-image-22415\" src=\"https:\/\/www.sidwaya.info\/wp-content\/uploads\/2020\/05\/Bandeau-paiement-mobile-site.png\" alt=\"\" width=\"728\" height=\"90\"\/><\/div>\n<\/div>\n<footer>\n<div class=\"td-post-sharing-bottom\">\n<p><iframe frameborder=\"0\" src=\"https:\/\/www.facebook.com\/plugins\/like.php?href=https:\/\/www.sidwaya.info\/blog\/2020\/07\/11\/covid19-au-burkina-12-nouveaux-cas-confirmes-02-guerisons-et-00-deces-a-la-date-du-09-juillet-2020\/&amp;layout=button_count&amp;show_faces=false&amp;width=105&amp;action=like&amp;colorscheme=light&amp;height=21\" class=\"c1\">[embedded content]<\/iframe><\/p>\n<div id=\"td_social_sharing_article_bottom\" class=\"td-post-sharing td-ps-bg td-ps-padding td-post-sharing-style7\">\n<div class=\"td-post-sharing-visible\"><a class=\"td-social-sharing-button td-social-sharing-button-js td-social-network td-social-facebook\" href=\"https:\/\/www.facebook.com\/sharer.php?u=https%3A%2F%2Fwww.sidwaya.info%2Fblog%2F2020%2F07%2F11%2Fcovid19-au-burkina-12-nouveaux-cas-confirmes-02-guerisons-et-00-deces-a-la-date-du-09-juillet-2020%2F\"\/><\/p>\n<p>Facebook<\/p>\n<p><a class=\"td-social-sharing-button td-social-sharing-button-js td-social-network td-social-twitter\" href=\"https:\/\/twitter.com\/intent\/tweet?text=COVID19+au+Burkina+%3A+12+nouveaux+cas+confirm%C3%A9s%2C+02+gu%C3%A9risons+et+00+d%C3%A9c%C3%A8s+%C3%A0+la+date+du+09+juillet+2020.&amp;url=https%3A%2F%2Fwww.sidwaya.info%2Fblog%2F2020%2F07%2F11%2Fcovid19-au-burkina-12-nouveaux-cas-confirmes-02-guerisons-et-00-deces-a-la-date-du-09-juillet-2020%2F&amp;via=Quotidien+Sidwaya\"\/><\/p>\n<p>Twitter<\/p>\n<p><a class=\"td-social-sharing-button td-social-sharing-button-js td-social-network td-social-pinterest\" href=\"https:\/\/pinterest.com\/pin\/create\/button\/?url=https:\/\/www.sidwaya.info\/blog\/2020\/07\/11\/covid19-au-burkina-12-nouveaux-cas-confirmes-02-guerisons-et-00-deces-a-la-date-du-09-juillet-2020\/&amp;media=&amp;description=COVID19+au+Burkina+%3A+12+nouveaux+cas+confirm%C3%A9s%2C+02+gu%C3%A9risons+et+00+d%C3%A9c%C3%A8s+%C3%A0+la+date+du+09+juillet+2020.\"\/><\/p>\n<p>Pinterest<\/p>\n<p><a class=\"td-social-sharing-button td-social-sharing-button-js td-social-network td-social-whatsapp\" href=\"whatsapp:\/\/send?text=COVID19+au+Burkina+%3A+12+nouveaux+cas+confirm%C3%A9s%2C+02+gu%C3%A9risons+et+00+d%C3%A9c%C3%A8s+%C3%A0+la+date+du+09+juillet+2020.%20%0A%0A%20https:\/\/www.sidwaya.info\/blog\/2020\/07\/11\/covid19-au-burkina-12-nouveaux-cas-confirmes-02-guerisons-et-00-deces-a-la-date-du-09-juillet-2020\/\"\/><\/p>\n<p>WhatsApp<\/p>\n<p><a class=\"td-social-sharing-button td-social-sharing-button-js td-social-network td-social-linkedin\" href=\"https:\/\/www.linkedin.com\/shareArticle?mini=true&amp;url=https:\/\/www.sidwaya.info\/blog\/2020\/07\/11\/covid19-au-burkina-12-nouveaux-cas-confirmes-02-guerisons-et-00-deces-a-la-date-du-09-juillet-2020\/&amp;title=COVID19+au+Burkina+%3A+12+nouveaux+cas+confirm%C3%A9s%2C+02+gu%C3%A9risons+et+00+d%C3%A9c%C3%A8s+%C3%A0+la+date+du+09+juillet+2020.\"\/><\/p>\n<p>Linkedin<\/p>\n<p><a class=\"td-social-sharing-button td-social-sharing-button-js td-social-network td-social-mail\" href=\"mailto:?subject=COVID19%20au%20Burkina%20:%2012%20nouveaux%20cas%20confirm%C3%A9s,%2002%20gu%C3%A9risons%20et%2000%20d%C3%A9c%C3%A8s%20%C3%A0%20la%20date%20du%2009%20juillet%202020.&amp;body=https:\/\/www.sidwaya.info\/blog\/2020\/07\/11\/covid19-au-burkina-12-nouveaux-cas-confirmes-02-guerisons-et-00-deces-a-la-date-du-09-juillet-2020\/\"\/><\/p>\n<p>Email<\/p>\n<p><a class=\"td-social-sharing-button td-social-sharing-button-js td-social-network td-social-print\" href=\"#\"\/><\/p>\n<p>Print<\/p>\n<p><a class=\"td-social-sharing-button td-social-sharing-button-js td-social-network td-social-tumblr\" href=\"https:\/\/www.tumblr.com\/share\/link?url=https:\/\/www.sidwaya.info\/blog\/2020\/07\/11\/covid19-au-burkina-12-nouveaux-cas-confirmes-02-guerisons-et-00-deces-a-la-date-du-09-juillet-2020\/&amp;name=COVID19%20au%20Burkina%20:%2012%20nouveaux%20cas%20confirm%C3%A9s,%2002%20gu%C3%A9risons%20et%2000%20d%C3%A9c%C3%A8s%20%C3%A0%20la%20date%20du%2009%20juillet%202020.\"\/><\/p>\n<p>Tumblr<\/p>\n<p><a class=\"td-social-sharing-button td-social-sharing-button-js td-social-network td-social-telegram\" href=\"https:\/\/telegram.me\/share\/url?url=https:\/\/www.sidwaya.info\/blog\/2020\/07\/11\/covid19-au-burkina-12-nouveaux-cas-confirmes-02-guerisons-et-00-deces-a-la-date-du-09-juillet-2020\/&amp;text=COVID19+au+Burkina+%3A+12+nouveaux+cas+confirm%C3%A9s%2C+02+gu%C3%A9risons+et+00+d%C3%A9c%C3%A8s+%C3%A0+la+date+du+09+juillet+2020.\"\/><\/p>\n<p>Telegram<\/p>\n<p><a class=\"td-social-sharing-button td-social-sharing-button-js td-social-network td-social-viber\" href=\"viber:\/\/forward?text=COVID19+au+Burkina+%3A+12+nouveaux+cas+confirm%C3%A9s%2C+02+gu%C3%A9risons+et+00+d%C3%A9c%C3%A8s+%C3%A0+la+date+du+09+juillet+2020.%20https:\/\/www.sidwaya.info\/blog\/2020\/07\/11\/covid19-au-burkina-12-nouveaux-cas-confirmes-02-guerisons-et-00-deces-a-la-date-du-09-juillet-2020\/\"\/><\/p>\n<p>Viber<\/p>\n<p><a class=\"td-social-sharing-button td-social-sharing-button-js td-social-network td-social-naver\" href=\"https:\/\/share.naver.com\/web\/shareView.nhn?url=https:\/\/www.sidwaya.info\/blog\/2020\/07\/11\/covid19-au-burkina-12-nouveaux-cas-confirmes-02-guerisons-et-00-deces-a-la-date-du-09-juillet-2020\/&amp;title=COVID19+au+Burkina+%3A+12+nouveaux+cas+confirm%C3%A9s%2C+02+gu%C3%A9risons+et+00+d%C3%A9c%C3%A8s+%C3%A0+la+date+du+09+juillet+2020.\"\/><\/p>\n<p>Naver<\/p>\n<\/div>\n<\/div>\n<\/div>\n<div class=\"td-block-row td-post-next-prev\">\n<div class=\"td-block-span6 td-post-prev-post td-post-next-prev-content\"><span>Article pr\u00e9c\u00e9dent<\/span><a href=\"https:\/\/www.sidwaya.info\/blog\/2020\/07\/10\/lutte-contre-la-covid-19-bank-of-africa-fait-don-de-vivres-au-ministere-en-charge-de-la-femme\/\">Lutte contre la COVID-19\u00a0: Bank of Africa fait don de vivres au minist\u00e8re en charge de la femme. \u00a0<\/a><\/div>\n<\/div>\n<\/footer>\n<p>Auteur: BANGRE SIDWAYA<br \/>\n<a href=\"https:\/\/www.sidwaya.info\/blog\/2020\/07\/11\/covid19-au-burkina-12-nouveaux-cas-confirmes-02-guerisons-et-00-deces-a-la-date-du-09-juillet-2020\/\">Cliquez ici pour lire l&rsquo;article depuis sa source.<\/a><\/p>\n","protected":false},"excerpt":{"rendered":"<p>Facebook Twitter Pinterest WhatsApp Linkedin Email Print Tumblr Telegram Viber Naver A la date du 09 juillet 2020, la situation de la maladie \u00e0 Coronavirus au Burkina Faso se pr\u00e9sente comme suit : 437 \u00e9chantillons analys\u00e9s, r\u00e9partis en :\u2013 308 tests de d\u00e9pistage volontaire ;\u2013 69 tests de cas contacts ;\u2013 36 tests de voyageurs [&hellip;]<\/p>\n","protected":false},"author":1816,"featured_media":92047,"comment_status":"closed","ping_status":"closed","sticky":false,"template":"","format":"standard","meta":{"fifu_image_url":"","fifu_image_alt":"","footnotes":""},"categories":[73,81],"tags":[],"class_list":["post-92046","post","type-post","status-publish","format-standard","has-post-thumbnail","hentry","category-actualite","category-burkina-faso"],"_links":{"self":[{"href":"https:\/\/linitiative.ca\/International\/wp-json\/wp\/v2\/posts\/92046","targetHints":{"allow":["GET"]}}],"collection":[{"href":"https:\/\/linitiative.ca\/International\/wp-json\/wp\/v2\/posts"}],"about":[{"href":"https:\/\/linitiative.ca\/International\/wp-json\/wp\/v2\/types\/post"}],"author":[{"embeddable":true,"href":"https:\/\/linitiative.ca\/International\/wp-json\/wp\/v2\/users\/1816"}],"replies":[{"embeddable":true,"href":"https:\/\/linitiative.ca\/International\/wp-json\/wp\/v2\/comments?post=92046"}],"version-history":[{"count":0,"href":"https:\/\/linitiative.ca\/International\/wp-json\/wp\/v2\/posts\/92046\/revisions"}],"wp:featuredmedia":[{"embeddable":true,"href":"https:\/\/linitiative.ca\/International\/wp-json\/"}],"wp:attachment":[{"href":"https:\/\/linitiative.ca\/International\/wp-json\/wp\/v2\/media?parent=92046"}],"wp:term":[{"taxonomy":"category","embeddable":true,"href":"https:\/\/linitiative.ca\/International\/wp-json\/wp\/v2\/categories?post=92046"},{"taxonomy":"post_tag","embeddable":true,"href":"https:\/\/linitiative.ca\/International\/wp-json\/wp\/v2\/tags?post=92046"}],"curies":[{"name":"wp","href":"https:\/\/api.w.org\/{rel}","templated":true}]}}