{"id":92048,"date":"2020-07-11T12:35:41","date_gmt":"2020-07-11T16:35:41","guid":{"rendered":"https:\/\/linitiative.ca\/International\/royal-air-maroc-les-passagers-au-depart-du-maroc-dispenses-de-tests-mais\/"},"modified":"2020-07-11T12:35:41","modified_gmt":"2020-07-11T16:35:41","slug":"royal-air-maroc-les-passagers-au-depart-du-maroc-dispenses-de-tests-mais","status":"publish","type":"post","link":"https:\/\/linitiative.ca\/International\/royal-air-maroc-les-passagers-au-depart-du-maroc-dispenses-de-tests-mais\/","title":{"rendered":"Royal Air Maroc : Les passagers au d\u00e9part du Maroc dispens\u00e9s de tests, mais \u2026"},"content":{"rendered":"<header>\n<\/header>\n<div class=\"entry-content clearfix\" readability=\"49\"><img decoding=\"async\" class=\"post_layout_5_img\" src=\"http:\/\/aujourdhui.ma\/wp-content\/uploads\/2017\/07\/Agence-RAM-Royal-Air-Maroc.jpg\" alt=\"Royal Air Maroc : Les passagers au d&#xE9;part du Maroc dispens&#xE9;s de tests, mais &#x2026;\"\/><\/p>\n<p class=\"c6\"><span class=\"c5\"><strong>Dans un communiqu\u00e9 dat\u00e9 du 11 juillet 2020, Royal Air Maroc (RAM) apporte davantage de pr\u00e9cisions sur les conditions d\u2019acc\u00e8s aux vols sp\u00e9ciaux lanc\u00e9s \u00e0 compter du 15 juillet.<\/strong><\/span> <span id=\"more-350331\"\/><\/p>\n<p class=\"c6\"><span class=\"c5\">En effet, les passagers empruntant les vols au d\u00e9part du Maroc sont dispens\u00e9s de tests. En revanche, ils doivent s\u2019informer sur les dispositions sanitaires exig\u00e9es par les pays de leur destination finale et s\u2019y conformer, indique la m\u00eame source. Par ailleurs, la compagnie nationale tient \u00e0 pr\u00e9ciser que les passagers doivent imp\u00e9rativement remplir les conditions mises en place par le Gouvernement marocain dans le cadre de cette op\u00e9ration. Pour tous les vols vers le Maroc, les passagers devront avoir un test PCR n\u00e9gatif datant de moins de 48h et un test s\u00e9rologique. Les enfants \u00e2g\u00e9s de moins de 11 ans sont dispens\u00e9s du test. Rappelons que les vols au d\u00e9part du Maroc sont ouverts aux Marocains r\u00e9sidant \u00e0 l\u2019\u00e9tranger et \u00e0 leurs familles, aux \u00e9trangers r\u00e9sidant ou non r\u00e9sidant au Maroc, et \u00e0 leurs familles, aux \u00e9tudiants marocains inscrits dans des universit\u00e9s \u00e0 l\u2019\u00e9tranger, aux femmes et hommes d\u2019affaires ainsi qu\u2019aux citoyens contraints de se rendre \u00e0 l\u2019\u00e9tranger pour les soins m\u00e9dicaux, \u00e0 condition de disposer d\u2019une autorisation exceptionnelle \u00e9mise par la pr\u00e9fecture de leur province.<\/span><\/p>\n<\/div>\n<p>Auteur: ALM<br \/>\n<a href=\"https:\/\/aujourdhui.ma\/actualite\/royal-air-maroc-les-passagers-au-depart-du-maroc-dispenses-de-tests-mais\">Cliquez ici pour lire l&rsquo;article depuis sa source.<\/a><\/p>\n","protected":false},"excerpt":{"rendered":"<p>Dans un communiqu\u00e9 dat\u00e9 du 11 juillet 2020, Royal Air Maroc (RAM) apporte davantage de pr\u00e9cisions sur les conditions d\u2019acc\u00e8s aux vols sp\u00e9ciaux lanc\u00e9s \u00e0 compter du 15 juillet. En effet, les passagers empruntant les vols au d\u00e9part du Maroc sont dispens\u00e9s de tests. En revanche, ils doivent s\u2019informer sur les dispositions sanitaires exig\u00e9es par [&hellip;]<\/p>\n","protected":false},"author":1759,"featured_media":92049,"comment_status":"closed","ping_status":"closed","sticky":false,"template":"","format":"standard","meta":{"fifu_image_url":"","fifu_image_alt":"","footnotes":""},"categories":[73,54],"tags":[],"class_list":["post-92048","post","type-post","status-publish","format-standard","has-post-thumbnail","hentry","category-actualite","category-maroc"],"_links":{"self":[{"href":"https:\/\/linitiative.ca\/International\/wp-json\/wp\/v2\/posts\/92048","targetHints":{"allow":["GET"]}}],"collection":[{"href":"https:\/\/linitiative.ca\/International\/wp-json\/wp\/v2\/posts"}],"about":[{"href":"https:\/\/linitiative.ca\/International\/wp-json\/wp\/v2\/types\/post"}],"author":[{"embeddable":true,"href":"https:\/\/linitiative.ca\/International\/wp-json\/wp\/v2\/users\/1759"}],"replies":[{"embeddable":true,"href":"https:\/\/linitiative.ca\/International\/wp-json\/wp\/v2\/comments?post=92048"}],"version-history":[{"count":0,"href":"https:\/\/linitiative.ca\/International\/wp-json\/wp\/v2\/posts\/92048\/revisions"}],"wp:featuredmedia":[{"embeddable":true,"href":"https:\/\/linitiative.ca\/International\/wp-json\/"}],"wp:attachment":[{"href":"https:\/\/linitiative.ca\/International\/wp-json\/wp\/v2\/media?parent=92048"}],"wp:term":[{"taxonomy":"category","embeddable":true,"href":"https:\/\/linitiative.ca\/International\/wp-json\/wp\/v2\/categories?post=92048"},{"taxonomy":"post_tag","embeddable":true,"href":"https:\/\/linitiative.ca\/International\/wp-json\/wp\/v2\/tags?post=92048"}],"curies":[{"name":"wp","href":"https:\/\/api.w.org\/{rel}","templated":true}]}}