{"id":92055,"date":"2020-07-12T10:56:56","date_gmt":"2020-07-12T14:56:56","guid":{"rendered":"https:\/\/linitiative.ca\/International\/sit-in-des-robes-noires-en-solidarite-avec-le-sulfureux-me-ziane\/"},"modified":"2020-07-12T10:56:56","modified_gmt":"2020-07-12T14:56:56","slug":"sit-in-des-robes-noires-en-solidarite-avec-le-sulfureux-me-ziane","status":"publish","type":"post","link":"https:\/\/linitiative.ca\/International\/sit-in-des-robes-noires-en-solidarite-avec-le-sulfureux-me-ziane\/","title":{"rendered":"Sit-in des robes noires en solidarit\u00e9 avec le sulfureux Me Ziane"},"content":{"rendered":"<p class=\"c2\"><strong>Karim Ben Amar<\/strong><\/p>\n<p class=\"has-text-color c3\"><strong>Tous solidaires. Les robes noires vont organiser un sit-in en soutien \u00e0 leur confr\u00e8re et ex-b\u00e2tonnier de Rabat, Me Mohamed Ziane, qui a \u00e9t\u00e9 interdit de pratiquer sa profession pour une p\u00e9riode d\u00e9termin\u00e9e.<\/strong><\/p>\n<p>La salle de consultation de la cour d\u2019appel de Rabat a interdit le sulfureux avocat Mohamed Ziane d\u2019exercer sa profession, et cela, pour une dur\u00e9e d\u2019un an. Motif \u00e9voqu\u00e9 par la cour comp\u00e9tente\u00a0: \u00abses plaidoiries dans le dossier de TaoufiK Bouachrine \u00e9taient hors contexte\u00bb.<\/p>\n<p>Cette d\u00e9cision de justice n\u2019est pas une grande premi\u00e8re pour l\u2019ancien b\u00e2tonnier de Rabat. Le 26 mars 2019, la m\u00eame salle a d\u00e9cid\u00e9 d\u2019interdire Me Ziane d\u2019exercer pour une dur\u00e9e de trois mois, en raison des \u00abtransgressions professionnelles, d\u2019all\u00e9gations et d\u2019actions contraires aux r\u00e8gles et \u00e0 l\u2019\u00e9thique de la profession\u00bb. Pour ce m\u00eame proc\u00e8s, il a \u00e9t\u00e9 reconnu que l\u2019ex-ministre des Droits de l\u2019Homme a \u00abpubli\u00e9 de fausses all\u00e9gations\u00bb dans le cadre du m\u00eame proc\u00e8s.<\/p>\n<p>Pas plus tard qu\u2019il y a quelques jours, l\u2019avocat a refait parler de lui en critiquant ouvertement la gestion de la pand\u00e9mie du nouveau coronavirus covid-19 par l\u2019Etat en remettant en cause les chiffres officiels du nombre d\u2019infection. Il avait d\u00e9clar\u00e9 qu\u2019\u00abil y a seulement 15 cas de coronavirus, pas un de plus\u00bb et d\u2019ajouter que \u00ab35 millions de Marocains sont confin\u00e9s pour seulement 15 cas\u00bb.<\/p>\n<p>Auteur: M&rsquo;hammed rahal<br \/>\n<a href=\"http:\/\/albayane.press.ma\/sit-in-des-robes-noires-en-solidarite-avec-le-sulfureux-me-ziane.html\">Cliquez ici pour lire l&rsquo;article depuis sa source.<\/a><\/p>\n","protected":false},"excerpt":{"rendered":"<p>Karim Ben Amar Tous solidaires. Les robes noires vont organiser un sit-in en soutien \u00e0 leur confr\u00e8re et ex-b\u00e2tonnier de Rabat, Me Mohamed Ziane, qui a \u00e9t\u00e9 interdit de pratiquer sa profession pour une p\u00e9riode d\u00e9termin\u00e9e. La salle de consultation de la cour d\u2019appel de Rabat a interdit le sulfureux avocat Mohamed Ziane d\u2019exercer sa [&hellip;]<\/p>\n","protected":false},"author":1760,"featured_media":0,"comment_status":"closed","ping_status":"closed","sticky":false,"template":"","format":"standard","meta":{"fifu_image_url":"","fifu_image_alt":"","footnotes":""},"categories":[73,54],"tags":[],"class_list":["post-92055","post","type-post","status-publish","format-standard","hentry","category-actualite","category-maroc"],"_links":{"self":[{"href":"https:\/\/linitiative.ca\/International\/wp-json\/wp\/v2\/posts\/92055","targetHints":{"allow":["GET"]}}],"collection":[{"href":"https:\/\/linitiative.ca\/International\/wp-json\/wp\/v2\/posts"}],"about":[{"href":"https:\/\/linitiative.ca\/International\/wp-json\/wp\/v2\/types\/post"}],"author":[{"embeddable":true,"href":"https:\/\/linitiative.ca\/International\/wp-json\/wp\/v2\/users\/1760"}],"replies":[{"embeddable":true,"href":"https:\/\/linitiative.ca\/International\/wp-json\/wp\/v2\/comments?post=92055"}],"version-history":[{"count":0,"href":"https:\/\/linitiative.ca\/International\/wp-json\/wp\/v2\/posts\/92055\/revisions"}],"wp:attachment":[{"href":"https:\/\/linitiative.ca\/International\/wp-json\/wp\/v2\/media?parent=92055"}],"wp:term":[{"taxonomy":"category","embeddable":true,"href":"https:\/\/linitiative.ca\/International\/wp-json\/wp\/v2\/categories?post=92055"},{"taxonomy":"post_tag","embeddable":true,"href":"https:\/\/linitiative.ca\/International\/wp-json\/wp\/v2\/tags?post=92055"}],"curies":[{"name":"wp","href":"https:\/\/api.w.org\/{rel}","templated":true}]}}