{"id":92064,"date":"2020-07-12T08:52:34","date_gmt":"2020-07-12T12:52:34","guid":{"rendered":"https:\/\/linitiative.ca\/International\/visite-de-mme-fettah-alaoui-espoirs-et-ambitions-dessaouira\/"},"modified":"2020-07-12T08:52:34","modified_gmt":"2020-07-12T12:52:34","slug":"visite-de-mme-fettah-alaoui-espoirs-et-ambitions-dessaouira","status":"publish","type":"post","link":"https:\/\/linitiative.ca\/International\/visite-de-mme-fettah-alaoui-espoirs-et-ambitions-dessaouira\/","title":{"rendered":"Visite de Mme Fettah Alaoui: Espoirs et ambitions d\u2019Essaouira"},"content":{"rendered":"<div class=\"single-featured\"><img alt=\"\" data-src=\"http:\/\/www.mapmarrakech.ma\/map\/uploads\/2020\/07\/vid&#xE9;o-visite-essaouira.jpg\"\/><\/div>\n<div class=\"single-post-excerpt post-excerpt-bc\" readability=\"40\">\n<p>La Feuille de Route pr\u00e9par\u00e9e par Essaouira pour la saison baln\u00e9aire et la rentr\u00e9e de septembre ainsi que l\u2019examen du dispositif sanitaire mis en place par la Cit\u00e9 des Aliz\u00e9s, ont \u00e9t\u00e9 au c\u0153ur de la visite de travail de la ministre du Tourisme, de l\u2019Artisanat, du Transport a\u00e9rien et de l\u2019Economie sociale, Mme Nadia Fettah Alaoui, samedi \u00e0 Essaouira.<\/p>\n<\/div>\n<p>Auteur: Meriem IGASS<br \/>\n<a href=\"http:\/\/www.mapmarrakech.ma\/fr\/visite-de-mme-fettah-alaoui-espoirs-et-ambitions-dessaouira\/\">Cliquez ici pour lire l&rsquo;article depuis sa source.<\/a><\/p>\n","protected":false},"excerpt":{"rendered":"<p>La Feuille de Route pr\u00e9par\u00e9e par Essaouira pour la saison baln\u00e9aire et la rentr\u00e9e de septembre ainsi que l\u2019examen du dispositif sanitaire mis en place par la Cit\u00e9 des Aliz\u00e9s, ont \u00e9t\u00e9 au c\u0153ur de la visite de travail de la ministre du Tourisme, de l\u2019Artisanat, du Transport a\u00e9rien et de l\u2019Economie sociale, Mme Nadia [&hellip;]<\/p>\n","protected":false},"author":1788,"featured_media":92065,"comment_status":"closed","ping_status":"closed","sticky":false,"template":"","format":"standard","meta":{"fifu_image_url":"","fifu_image_alt":"","footnotes":""},"categories":[54,76],"tags":[],"class_list":["post-92064","post","type-post","status-publish","format-standard","has-post-thumbnail","hentry","category-maroc","category-regions"],"_links":{"self":[{"href":"https:\/\/linitiative.ca\/International\/wp-json\/wp\/v2\/posts\/92064","targetHints":{"allow":["GET"]}}],"collection":[{"href":"https:\/\/linitiative.ca\/International\/wp-json\/wp\/v2\/posts"}],"about":[{"href":"https:\/\/linitiative.ca\/International\/wp-json\/wp\/v2\/types\/post"}],"author":[{"embeddable":true,"href":"https:\/\/linitiative.ca\/International\/wp-json\/wp\/v2\/users\/1788"}],"replies":[{"embeddable":true,"href":"https:\/\/linitiative.ca\/International\/wp-json\/wp\/v2\/comments?post=92064"}],"version-history":[{"count":0,"href":"https:\/\/linitiative.ca\/International\/wp-json\/wp\/v2\/posts\/92064\/revisions"}],"wp:featuredmedia":[{"embeddable":true,"href":"https:\/\/linitiative.ca\/International\/wp-json\/"}],"wp:attachment":[{"href":"https:\/\/linitiative.ca\/International\/wp-json\/wp\/v2\/media?parent=92064"}],"wp:term":[{"taxonomy":"category","embeddable":true,"href":"https:\/\/linitiative.ca\/International\/wp-json\/wp\/v2\/categories?post=92064"},{"taxonomy":"post_tag","embeddable":true,"href":"https:\/\/linitiative.ca\/International\/wp-json\/wp\/v2\/tags?post=92064"}],"curies":[{"name":"wp","href":"https:\/\/api.w.org\/{rel}","templated":true}]}}