{"id":92069,"date":"2020-07-12T14:17:12","date_gmt":"2020-07-12T18:17:12","guid":{"rendered":"https:\/\/linitiative.ca\/International\/203-nouveaux-cas-218-guerisons-en-24h-au-maroc\/"},"modified":"2020-07-12T14:17:12","modified_gmt":"2020-07-12T18:17:12","slug":"203-nouveaux-cas-218-guerisons-en-24h-au-maroc","status":"publish","type":"post","link":"https:\/\/linitiative.ca\/International\/203-nouveaux-cas-218-guerisons-en-24h-au-maroc\/","title":{"rendered":"203 nouveaux cas, 218 gu\u00e9risons en 24H au Maroc"},"content":{"rendered":"<div readability=\"35\">\n<p>Deux cent trois (203) nouveaux cas d\u2019infection au coronavirus (Covid-19) et 218 gu\u00e9risons ont \u00e9t\u00e9 enregistr\u00e9s au Maroc pendant les derni\u00e8res 24 heures, a annonc\u00e9 dimanche le minist\u00e8re de la Sant\u00e9.<\/p>\n<\/div>\n<div readability=\"89\">\n<p>Ce nouveau bilan porte \u00e0 15.745 le nombre de contaminations depuis le premier cas signal\u00e9 en mars, et \u00e0 12.283 celui des personnes totalement r\u00e9tablies, soit un taux de gu\u00e9rison d\u2019environ 78%, a pr\u00e9cis\u00e9 Mme Hind Ezzine, chef du service des maladies \u00e9pid\u00e9miques \u00e0 la Direction de l\u2019\u00e9pid\u00e9miologie relevant du minist\u00e8re de la Sant\u00e9.<\/p>\n<p>Le nombre de d\u00e9c\u00e8s est pass\u00e9 \u00e0 250 apr\u00e8s l\u2019annonce de cinq nouveaux cas, soit un taux de l\u00e9talit\u00e9 de 1,6%, a-t-elle ajout\u00e9, pr\u00e9cisant que 92% des 203 nouveaux cas ont \u00e9t\u00e9 d\u00e9tect\u00e9s dans le cadre du syst\u00e8me de suivi des contacts.<\/p>\n<p>Quant \u00e0 la r\u00e9partition g\u00e9ographique des nouveaux cas, 21 contaminations ont \u00e9t\u00e9 recens\u00e9es dans la r\u00e9gion de Casablanca-Settat (dont 18 cas \u00e0 Casablanca, 1 \u00e0 El Jadida et 2 \u00e0 Mohammedia), 71 dans la r\u00e9gion de Tanger-T\u00e9touan-Al Hoceima (dont 61 \u00e0 Tanger), 38 \u00e0 F\u00e8s-Mekn\u00e8s et 7 \u00e0 La\u00e2youne-Sakia El Hamra.<\/p>\n<p>Il s\u2019agit aussi de 23 cas ont \u00e9t\u00e9 confirm\u00e9s dans la r\u00e9gion de Marrakech-Safi, dont 20 \u00e0 Marrakech, 21 cas \u00e0 Rabat-Sal\u00e9-K\u00e9nitra, 14 cas dans l\u2019Oriental, quatre cas dans la r\u00e9gion de B\u00e9ni Mellal-Kh\u00e9nifra, deux \u00e0 Dakhla Oued-Eddahab et deux cas \u00e0 Souss-Massa, alors que les autres r\u00e9gions n\u2019ont enregistr\u00e9 aucun nouveau cas.<\/p>\n<p>Selon Mme Ezzine, le nombre des personnes contacts totalise d\u00e9sormais 83.261, dont 13.353 font toujours l\u2019objet de suivi m\u00e9dical, tandis que le nombre des cas exclus apr\u00e8s des r\u00e9sultats n\u00e9gatifs d\u2019analyses au laboratoire s\u2019\u00e9l\u00e8ve \u00e0 862.881.<\/p>\n<p>S\u2019agissant des cas actifs, elle a relev\u00e9 que 3.212 personnes sont actuellement sous traitement, dont 31 cas en r\u00e9animation, \u00e0 cause de leur \u00e2ge ou du fait qu\u2019elles souffrent d\u2019une maladie chronique.<\/p>\n<p>Le minist\u00e8re a d\u2019autre part invit\u00e9 les citoyens au respect des mesures pr\u00e9ventives, notamment le port correct du masque de protection, le lavage r\u00e9gulier des mains, le respect de la distanciation physique et l\u2019utilisation de l\u2019application \u00ab\u00a0wiqaytna\u00a0\u00bb ainsi que l\u2019activation r\u00e9guli\u00e8re du Bluetooth pour renforcer et assurer le tra\u00e7age des personnes contacts.<\/p>\n<\/div>\n<p>Auteur: Meriem IGASS<br \/>\n<a href=\"http:\/\/www.mapmarrakech.ma\/fr\/203-nouveaux-cas-218-guerisons-en-24h-au-maroc\/\">Cliquez ici pour lire l&rsquo;article depuis sa source.<\/a><\/p>\n","protected":false},"excerpt":{"rendered":"<p>Deux cent trois (203) nouveaux cas d\u2019infection au coronavirus (Covid-19) et 218 gu\u00e9risons ont \u00e9t\u00e9 enregistr\u00e9s au Maroc pendant les derni\u00e8res 24 heures, a annonc\u00e9 dimanche le minist\u00e8re de la Sant\u00e9. Ce nouveau bilan porte \u00e0 15.745 le nombre de contaminations depuis le premier cas signal\u00e9 en mars, et \u00e0 12.283 celui des personnes totalement [&hellip;]<\/p>\n","protected":false},"author":1788,"featured_media":0,"comment_status":"closed","ping_status":"closed","sticky":false,"template":"","format":"standard","meta":{"fifu_image_url":"","fifu_image_alt":"","footnotes":""},"categories":[54,76],"tags":[],"class_list":["post-92069","post","type-post","status-publish","format-standard","hentry","category-maroc","category-regions"],"_links":{"self":[{"href":"https:\/\/linitiative.ca\/International\/wp-json\/wp\/v2\/posts\/92069","targetHints":{"allow":["GET"]}}],"collection":[{"href":"https:\/\/linitiative.ca\/International\/wp-json\/wp\/v2\/posts"}],"about":[{"href":"https:\/\/linitiative.ca\/International\/wp-json\/wp\/v2\/types\/post"}],"author":[{"embeddable":true,"href":"https:\/\/linitiative.ca\/International\/wp-json\/wp\/v2\/users\/1788"}],"replies":[{"embeddable":true,"href":"https:\/\/linitiative.ca\/International\/wp-json\/wp\/v2\/comments?post=92069"}],"version-history":[{"count":0,"href":"https:\/\/linitiative.ca\/International\/wp-json\/wp\/v2\/posts\/92069\/revisions"}],"wp:attachment":[{"href":"https:\/\/linitiative.ca\/International\/wp-json\/wp\/v2\/media?parent=92069"}],"wp:term":[{"taxonomy":"category","embeddable":true,"href":"https:\/\/linitiative.ca\/International\/wp-json\/wp\/v2\/categories?post=92069"},{"taxonomy":"post_tag","embeddable":true,"href":"https:\/\/linitiative.ca\/International\/wp-json\/wp\/v2\/tags?post=92069"}],"curies":[{"name":"wp","href":"https:\/\/api.w.org\/{rel}","templated":true}]}}