{"id":92073,"date":"2020-07-12T13:01:15","date_gmt":"2020-07-12T17:01:15","guid":{"rendered":"https:\/\/linitiative.ca\/International\/covid-19-setif-appel-aux-volontaires-medecins-et-paramedicaux-pour-preter-main-forte-au-staff-medical-en-activite\/"},"modified":"2020-07-12T13:01:15","modified_gmt":"2020-07-12T17:01:15","slug":"covid-19-setif-appel-aux-volontaires-medecins-et-paramedicaux-pour-preter-main-forte-au-staff-medical-en-activite","status":"publish","type":"post","link":"https:\/\/linitiative.ca\/International\/covid-19-setif-appel-aux-volontaires-medecins-et-paramedicaux-pour-preter-main-forte-au-staff-medical-en-activite\/","title":{"rendered":"Covid-19\/s\u00e9tif: appel aux volontaires m\u00e9decins et param\u00e9dicaux pour pr\u00eater main forte au staff m\u00e9dical en activit\u00e9"},"content":{"rendered":"<div readability=\"38\">\n<p><strong>SETIF &#8211; Le Centre hospitalo-universitaire (CHU) Mohamed Abdenour Sa\u00e2dna de S\u00e9tif a lanc\u00e9 un appel au volontariat en direction des m\u00e9decins, infirmiers et agents de l\u2019hygi\u00e8ne pour pr\u00eater main forte aux \u00e9quipes m\u00e9dicales et param\u00e9dicales en activit\u00e9 dans cet \u00e9tablissement de sant\u00e9 publique, a-t-on appris dimanche de sa responsable de la communication, Rima Boussouar.<\/strong><\/p>\n<\/div>\n<div readability=\"90.552967563837\">\n<p>L&rsquo;appel au volontariat intervient au regard de la \u00ab\u00a0saturation du Centre hospitalo-universitaire de la wilaya en raison du grand nombre de patients accueillis, mais aussi du fait de la contamination d\u2019un certain nombre de m\u00e9decins et de param\u00e9dicaux par le coronavirus qui a induit une baisse de l\u2019effectif engag\u00e9 dans la lutte contre la Covid-19,\u00a0\u00bb a affirm\u00e9 \u00e0 l&rsquo;APS la responsable de la communication du CHU de S\u00e9tif.<\/p>\n<blockquote readability=\"15\">\n<p><em><strong>Les m\u00e9decins b\u00e9n\u00e9voles, issus des secteurs public et priv\u00e9 qui seront r\u00e9partis sur diverses sp\u00e9cialit\u00e9s, ainsi que les infirmiers, les agents d\u2019entretien, des retrait\u00e9s ou des dipl\u00f4m\u00e9s sans exp\u00e9rience professionnelle pr\u00e9alable dans le domaine, en plus du personnel des cliniques priv\u00e9es, contribueront \u00e0 assurer une meilleure prise en charge des patients, a pr\u00e9cis\u00e9 Mme Boussouar.<\/strong><\/em><\/p>\n<\/blockquote>\n<p>\u00ab\u00a0Ces b\u00e9n\u00e9voles ne seront pas affect\u00e9s dans les unit\u00e9s charg\u00e9es du traitement des personnes atteintes de Covid-19&Prime;, a-t-elle soulign\u00e9, pr\u00e9cisant, \u00e0 ce propos, qu\u2019\u00a0\u00bbils n&rsquo;auront aucun contact, ni de pr\u00e8s ni de loin, avec des patients contamin\u00e9s par le coronavirus puisque leur mission consistera \u00e0 soigner le reste des patients non atteints du coronavirus.\u00a0\u00bb<\/p>\n<p>Selon Mme Boussouar, depuis l\u2019appel au volontariat, lanc\u00e9 hier samedi en direction des personnels m\u00e9dical et param\u00e9dical, de nombreux praticiens, dont des m\u00e9decins de renom au niveau local, et de jeunes infirmiers des deux sexes, ont fait part de leur aspiration \u00e0 apporter leur aide aux \u00e9quipes m\u00e9dicales du CHU de S\u00e9tif.<\/p>\n<hr\/>\n<p><strong>Lire aussi:<\/strong>\u00a0<a href=\"\/proxy\/25be35d4\/http\/www.aps.dz\/regions\/105918-covid-19-setif-encore-des-resistances-au-port-du-masque\">Covid-19\/S\u00e9tif : encore des \u00ab\u00a0r\u00e9sistances\u00a0\u00bb au port du masque<\/a><\/p>\n<hr\/>\n<p>Pour sa part, le wali de S\u00e9tif, Mohamed Belkateb, a fait \u00e9tat hier soir (samedi), lors d&rsquo;une r\u00e9union avec les diff\u00e9rents acteurs engag\u00e9s dans le domaine de la lutte contre la pand\u00e9mie de la Covid-19, de \u00ab\u00a0l\u2019\u00e9ventualit\u00e9 d&rsquo;accorder des primes d&rsquo;encouragement aux volontaires\u00a0\u00bb.<\/p>\n<blockquote readability=\"10\">\n<p><em><strong>Le m\u00eame responsable a \u00e9galement soulign\u00e9 que \u00ab\u00a0la situation \u00e0 S\u00e9tif est exceptionnelle n\u00e9cessitant des mesures urgentes, y compris la mobilisation des m\u00e9decins des r\u00e9sidences universitaires pr\u00e9sents durant les vacances et les praticiens des antennes locales des Caisses nationales des assurances sociales des travailleurs salari\u00e9s et des non-salari\u00e9s\u00a0\u00bb, cela en plus de lancer un appel aux m\u00e9decins priv\u00e9s pour pallier au manque d\u2019effectif.<\/strong><\/em><\/p>\n<\/blockquote>\n<p>Aussi, le wali a-t-il appel\u00e9 \u00e0 \u00ab\u00a0exploiter et mobiliser toutes les \u00e9nergies sur les plans humain et logistique afin de venir \u00e0 bout de cette pand\u00e9mie et s\u2019en sortir avec le moins de pertes humaines possible\u00a0\u00bb.<\/p>\n<p>La wilaya de S\u00e9tif a connu derni\u00e8rement une augmentation significative du nombre de contaminations par le coronavirus (SARS-coV-2), depuis le premier cas enregistr\u00e9 le 16 mars dernier, atteignant jusqu\u2019\u00e0 hier (samedi) 1795 cas (+21 nouveaux cas), selon le comit\u00e9 de suivi de l\u2019\u00e9volution de l\u2019\u00e9pid\u00e9mie du coronavirus en Alg\u00e9rie.<\/p>\n<\/div>\n<p>Auteur:<br \/>\n<a href=\"http:\/\/www.aps.dz\/regions\/107300-covid-19-setif-appel-aux-volontaires-medecins-et-paramedicaux-pour-preter-main-forte-au-staff-medical-en-activite\">Cliquez ici pour lire l&rsquo;article depuis sa source.<\/a><\/p>\n","protected":false},"excerpt":{"rendered":"<p>SETIF &#8211; Le Centre hospitalo-universitaire (CHU) Mohamed Abdenour Sa\u00e2dna de S\u00e9tif a lanc\u00e9 un appel au volontariat en direction des m\u00e9decins, infirmiers et agents de l\u2019hygi\u00e8ne pour pr\u00eater main forte aux \u00e9quipes m\u00e9dicales et param\u00e9dicales en activit\u00e9 dans cet \u00e9tablissement de sant\u00e9 publique, a-t-on appris dimanche de sa responsable de la communication, Rima Boussouar. L&rsquo;appel [&hellip;]<\/p>\n","protected":false},"author":1790,"featured_media":0,"comment_status":"closed","ping_status":"closed","sticky":false,"template":"","format":"standard","meta":{"fifu_image_url":"","fifu_image_alt":"","footnotes":""},"categories":[53,76],"tags":[],"class_list":["post-92073","post","type-post","status-publish","format-standard","hentry","category-algerie","category-regions"],"_links":{"self":[{"href":"https:\/\/linitiative.ca\/International\/wp-json\/wp\/v2\/posts\/92073","targetHints":{"allow":["GET"]}}],"collection":[{"href":"https:\/\/linitiative.ca\/International\/wp-json\/wp\/v2\/posts"}],"about":[{"href":"https:\/\/linitiative.ca\/International\/wp-json\/wp\/v2\/types\/post"}],"author":[{"embeddable":true,"href":"https:\/\/linitiative.ca\/International\/wp-json\/wp\/v2\/users\/1790"}],"replies":[{"embeddable":true,"href":"https:\/\/linitiative.ca\/International\/wp-json\/wp\/v2\/comments?post=92073"}],"version-history":[{"count":0,"href":"https:\/\/linitiative.ca\/International\/wp-json\/wp\/v2\/posts\/92073\/revisions"}],"wp:attachment":[{"href":"https:\/\/linitiative.ca\/International\/wp-json\/wp\/v2\/media?parent=92073"}],"wp:term":[{"taxonomy":"category","embeddable":true,"href":"https:\/\/linitiative.ca\/International\/wp-json\/wp\/v2\/categories?post=92073"},{"taxonomy":"post_tag","embeddable":true,"href":"https:\/\/linitiative.ca\/International\/wp-json\/wp\/v2\/tags?post=92073"}],"curies":[{"name":"wp","href":"https:\/\/api.w.org\/{rel}","templated":true}]}}