{"id":92076,"date":"2020-07-12T15:13:27","date_gmt":"2020-07-12T19:13:27","guid":{"rendered":"https:\/\/linitiative.ca\/International\/pros-real-betis-ca-ne-sarrange-pas-pour-mandi\/"},"modified":"2020-07-12T15:13:27","modified_gmt":"2020-07-12T19:13:27","slug":"pros-real-betis-ca-ne-sarrange-pas-pour-mandi","status":"publish","type":"post","link":"https:\/\/linitiative.ca\/International\/pros-real-betis-ca-ne-sarrange-pas-pour-mandi\/","title":{"rendered":"Pros : Real B\u00e9tis: \u00e7a ne s\u2019arrange pas pour Mandi"},"content":{"rendered":"<div readability=\"32\">\n<p>Auteur : <span>Riad Ouenzar<\/span> <span class=\"time\">dimanche 12 juillet 2020 16:42<\/span><\/p>\n<\/div>\n<div id=\"post_core\" readability=\"37\">\n<p>Apparemment, la prolongation de contre pour Aissa Mandi avec le Real B\u00e9tis ne sera gu\u00e8re une tache ais\u00e9e pour les diff\u00e9rentes parties. Selon certains m\u00e9dias espagnols, les responsables du club andalou ont revu \u00e0 la baisse leur offre pour le joueur Alg\u00e9rien et ce en raison de la crise du Covid-19.La m\u00eame source a indiqu\u00e9 que les dirigeants du Real B\u00e9tis ont expliqu\u00e9 \u00e0 Mandi qu\u2019ils n\u2019\u00e9taient pas capables de lui accorder une augmentation de salaire comme le joueur l\u2019aurait souhait\u00e9.<\/p>\n<p><strong>Publi\u00e9 dans :<\/strong> <span>Mandi<\/span><\/p>\n<\/div>\n<p>Auteur:<br \/>\n<a href=\"http:\/\/www.lebuteur.com\/article\/detail?titre=real-betis-ca-ne-sarrange-pas-pour-mandi&#038;id=96566&#038;utm_source=feedburner&#038;utm_medium=feed&#038;utm_campaign=Feed%3A+GalerieFArtciles+%28Les+derniers+articles++-+lebuteur.com%29\">Cliquez ici pour lire l&rsquo;article depuis sa source.<\/a><\/p>\n","protected":false},"excerpt":{"rendered":"<p>Auteur : Riad Ouenzar dimanche 12 juillet 2020 16:42 Apparemment, la prolongation de contre pour Aissa Mandi avec le Real B\u00e9tis ne sera gu\u00e8re une tache ais\u00e9e pour les diff\u00e9rentes parties. Selon certains m\u00e9dias espagnols, les responsables du club andalou ont revu \u00e0 la baisse leur offre pour le joueur Alg\u00e9rien et ce en raison [&hellip;]<\/p>\n","protected":false},"author":1738,"featured_media":92077,"comment_status":"closed","ping_status":"closed","sticky":false,"template":"","format":"standard","meta":{"fifu_image_url":"","fifu_image_alt":"","footnotes":""},"categories":[53,75],"tags":[],"class_list":["post-92076","post","type-post","status-publish","format-standard","has-post-thumbnail","hentry","category-algerie","category-sport"],"_links":{"self":[{"href":"https:\/\/linitiative.ca\/International\/wp-json\/wp\/v2\/posts\/92076","targetHints":{"allow":["GET"]}}],"collection":[{"href":"https:\/\/linitiative.ca\/International\/wp-json\/wp\/v2\/posts"}],"about":[{"href":"https:\/\/linitiative.ca\/International\/wp-json\/wp\/v2\/types\/post"}],"author":[{"embeddable":true,"href":"https:\/\/linitiative.ca\/International\/wp-json\/wp\/v2\/users\/1738"}],"replies":[{"embeddable":true,"href":"https:\/\/linitiative.ca\/International\/wp-json\/wp\/v2\/comments?post=92076"}],"version-history":[{"count":0,"href":"https:\/\/linitiative.ca\/International\/wp-json\/wp\/v2\/posts\/92076\/revisions"}],"wp:featuredmedia":[{"embeddable":true,"href":"https:\/\/linitiative.ca\/International\/wp-json\/"}],"wp:attachment":[{"href":"https:\/\/linitiative.ca\/International\/wp-json\/wp\/v2\/media?parent=92076"}],"wp:term":[{"taxonomy":"category","embeddable":true,"href":"https:\/\/linitiative.ca\/International\/wp-json\/wp\/v2\/categories?post=92076"},{"taxonomy":"post_tag","embeddable":true,"href":"https:\/\/linitiative.ca\/International\/wp-json\/wp\/v2\/tags?post=92076"}],"curies":[{"name":"wp","href":"https:\/\/api.w.org\/{rel}","templated":true}]}}