{"id":92080,"date":"2020-07-12T15:13:31","date_gmt":"2020-07-12T19:13:31","guid":{"rendered":"https:\/\/linitiative.ca\/International\/pros-naples-ghoulam-refuse-de-parler-de-son-avenir\/"},"modified":"2020-07-12T15:13:31","modified_gmt":"2020-07-12T19:13:31","slug":"pros-naples-ghoulam-refuse-de-parler-de-son-avenir","status":"publish","type":"post","link":"https:\/\/linitiative.ca\/International\/pros-naples-ghoulam-refuse-de-parler-de-son-avenir\/","title":{"rendered":"Pros : Naples: Ghoulam refuse de parler de son avenir"},"content":{"rendered":"<div readability=\"32\">\n<p>Auteur : <span class=\"time\">dimanche 12 juillet 2020 16:44<\/span><\/p>\n<\/div>\n<div id=\"post_core\" readability=\"38\">\n<p>Le d\u00e9fenseur arri\u00e8re gauche de Naples, Faouzi Ghoulam a refus\u00e9 d\u2019\u00e9voquer le sujet li\u00e9 \u00e0 son avenir. Peu utilis\u00e9 \u00e0 Naples cette saison, Ghoulam s\u2019est content\u00e9 de dire\u00a0aux journalistes\u00a0:\u00a0\u00abJe pense qu\u2019il est t\u00f4t d\u2019\u00e9voquer mon avenir. Tout le monde se focalise sur notre fin de saison. Apr\u00e8s avoir remport\u00e9 la coupe d\u2019Italie, nous sommes d\u00e9termin\u00e9s \u00e0 tout donner pour essayer de d\u00e9crocher une place qualificative pour la Ligue des champions.\u00bb a-t-il d\u00e9clar\u00e9.<\/p>\n<p><strong>Publi\u00e9 dans :<\/strong> <span>ghoulam<\/span><\/p>\n<\/div>\n<p>Auteur:<br \/>\n<a href=\"http:\/\/www.lebuteur.com\/article\/detail?titre=naples-ghoulam-refuse-de-parler-de-son-avenir&#038;id=96567&#038;utm_source=feedburner&#038;utm_medium=feed&#038;utm_campaign=Feed%3A+GalerieFArtciles+%28Les+derniers+articles++-+lebuteur.com%29\">Cliquez ici pour lire l&rsquo;article depuis sa source.<\/a><\/p>\n","protected":false},"excerpt":{"rendered":"<p>Auteur : dimanche 12 juillet 2020 16:44 Le d\u00e9fenseur arri\u00e8re gauche de Naples, Faouzi Ghoulam a refus\u00e9 d\u2019\u00e9voquer le sujet li\u00e9 \u00e0 son avenir. Peu utilis\u00e9 \u00e0 Naples cette saison, Ghoulam s\u2019est content\u00e9 de dire\u00a0aux journalistes\u00a0:\u00a0\u00abJe pense qu\u2019il est t\u00f4t d\u2019\u00e9voquer mon avenir. Tout le monde se focalise sur notre fin de saison. Apr\u00e8s avoir [&hellip;]<\/p>\n","protected":false},"author":1738,"featured_media":92081,"comment_status":"closed","ping_status":"closed","sticky":false,"template":"","format":"standard","meta":{"fifu_image_url":"","fifu_image_alt":"","footnotes":""},"categories":[53,75],"tags":[],"class_list":["post-92080","post","type-post","status-publish","format-standard","has-post-thumbnail","hentry","category-algerie","category-sport"],"_links":{"self":[{"href":"https:\/\/linitiative.ca\/International\/wp-json\/wp\/v2\/posts\/92080","targetHints":{"allow":["GET"]}}],"collection":[{"href":"https:\/\/linitiative.ca\/International\/wp-json\/wp\/v2\/posts"}],"about":[{"href":"https:\/\/linitiative.ca\/International\/wp-json\/wp\/v2\/types\/post"}],"author":[{"embeddable":true,"href":"https:\/\/linitiative.ca\/International\/wp-json\/wp\/v2\/users\/1738"}],"replies":[{"embeddable":true,"href":"https:\/\/linitiative.ca\/International\/wp-json\/wp\/v2\/comments?post=92080"}],"version-history":[{"count":0,"href":"https:\/\/linitiative.ca\/International\/wp-json\/wp\/v2\/posts\/92080\/revisions"}],"wp:featuredmedia":[{"embeddable":true,"href":"https:\/\/linitiative.ca\/International\/wp-json\/"}],"wp:attachment":[{"href":"https:\/\/linitiative.ca\/International\/wp-json\/wp\/v2\/media?parent=92080"}],"wp:term":[{"taxonomy":"category","embeddable":true,"href":"https:\/\/linitiative.ca\/International\/wp-json\/wp\/v2\/categories?post=92080"},{"taxonomy":"post_tag","embeddable":true,"href":"https:\/\/linitiative.ca\/International\/wp-json\/wp\/v2\/tags?post=92080"}],"curies":[{"name":"wp","href":"https:\/\/api.w.org\/{rel}","templated":true}]}}