{"id":92082,"date":"2020-07-12T15:13:33","date_gmt":"2020-07-12T19:13:33","guid":{"rendered":"https:\/\/linitiative.ca\/International\/pros-al-ahli-chamboule-les-plans-de-belaili\/"},"modified":"2020-07-12T15:13:33","modified_gmt":"2020-07-12T19:13:33","slug":"pros-al-ahli-chamboule-les-plans-de-belaili","status":"publish","type":"post","link":"https:\/\/linitiative.ca\/International\/pros-al-ahli-chamboule-les-plans-de-belaili\/","title":{"rendered":"Pros : Al Ahli chamboule les plans de Belaili"},"content":{"rendered":"<div readability=\"32\">\n<p>Auteur : <span>Riad Ouenzar<\/span> <span class=\"time\">dimanche 12 juillet 2020 16:45<\/span><\/p>\n<\/div>\n<div id=\"post_core\" readability=\"38\">\n<p>D\u00e9cid\u00e9 de quitter son club et de tenter une exp\u00e9rience en Europe, Youcef Belaili vient peut \u00eatre de voir ses plans chambouler par ses dirigeants. Et pour cause, et \u00e0 en croire la presse saoudienne, la direction d\u2019Al Ahli vient de verser \u00e0 Belaili tout ses arri\u00e9r\u00e9s. Une fa\u00e7on aux dirigeants d\u2019Al Ahli d\u2019obliger Belaili \u00e0 reprendre le chemin des entrainements. La m\u00eame source a ajout\u00e9 que le but des dirigeants d\u2019Al Ahli est d\u2019\u00e9viter de voir Belaili aller se plaindre au niveau de la FIFA.<\/p>\n<p><strong>Publi\u00e9 dans :<\/strong> <span>Bela\u00efli<\/span><\/p>\n<\/div>\n<p>Auteur:<br \/>\n<a href=\"http:\/\/www.lebuteur.com\/article\/detail?titre=al-ahli-chamboule-les-plans-de-belaili&#038;id=96569&#038;utm_source=feedburner&#038;utm_medium=feed&#038;utm_campaign=Feed%3A+GalerieFArtciles+%28Les+derniers+articles++-+lebuteur.com%29\">Cliquez ici pour lire l&rsquo;article depuis sa source.<\/a><\/p>\n","protected":false},"excerpt":{"rendered":"<p>Auteur : Riad Ouenzar dimanche 12 juillet 2020 16:45 D\u00e9cid\u00e9 de quitter son club et de tenter une exp\u00e9rience en Europe, Youcef Belaili vient peut \u00eatre de voir ses plans chambouler par ses dirigeants. Et pour cause, et \u00e0 en croire la presse saoudienne, la direction d\u2019Al Ahli vient de verser \u00e0 Belaili tout ses [&hellip;]<\/p>\n","protected":false},"author":1738,"featured_media":92083,"comment_status":"closed","ping_status":"closed","sticky":false,"template":"","format":"standard","meta":{"fifu_image_url":"","fifu_image_alt":"","footnotes":""},"categories":[53,75],"tags":[],"class_list":["post-92082","post","type-post","status-publish","format-standard","has-post-thumbnail","hentry","category-algerie","category-sport"],"_links":{"self":[{"href":"https:\/\/linitiative.ca\/International\/wp-json\/wp\/v2\/posts\/92082","targetHints":{"allow":["GET"]}}],"collection":[{"href":"https:\/\/linitiative.ca\/International\/wp-json\/wp\/v2\/posts"}],"about":[{"href":"https:\/\/linitiative.ca\/International\/wp-json\/wp\/v2\/types\/post"}],"author":[{"embeddable":true,"href":"https:\/\/linitiative.ca\/International\/wp-json\/wp\/v2\/users\/1738"}],"replies":[{"embeddable":true,"href":"https:\/\/linitiative.ca\/International\/wp-json\/wp\/v2\/comments?post=92082"}],"version-history":[{"count":0,"href":"https:\/\/linitiative.ca\/International\/wp-json\/wp\/v2\/posts\/92082\/revisions"}],"wp:featuredmedia":[{"embeddable":true,"href":"https:\/\/linitiative.ca\/International\/wp-json\/"}],"wp:attachment":[{"href":"https:\/\/linitiative.ca\/International\/wp-json\/wp\/v2\/media?parent=92082"}],"wp:term":[{"taxonomy":"category","embeddable":true,"href":"https:\/\/linitiative.ca\/International\/wp-json\/wp\/v2\/categories?post=92082"},{"taxonomy":"post_tag","embeddable":true,"href":"https:\/\/linitiative.ca\/International\/wp-json\/wp\/v2\/tags?post=92082"}],"curies":[{"name":"wp","href":"https:\/\/api.w.org\/{rel}","templated":true}]}}