{"id":92084,"date":"2020-07-12T15:13:34","date_gmt":"2020-07-12T19:13:34","guid":{"rendered":"https:\/\/linitiative.ca\/International\/pros-la-direction-de-lettifaq-fc-met-les-points-sur-les-i-avec-mbolhi\/"},"modified":"2020-07-12T15:13:34","modified_gmt":"2020-07-12T19:13:34","slug":"pros-la-direction-de-lettifaq-fc-met-les-points-sur-les-i-avec-mbolhi","status":"publish","type":"post","link":"https:\/\/linitiative.ca\/International\/pros-la-direction-de-lettifaq-fc-met-les-points-sur-les-i-avec-mbolhi\/","title":{"rendered":"Pros : La direction de l\u2019Ettifaq FC met les points sur les i avec M\u2019Bolhi"},"content":{"rendered":"<div readability=\"32\">\n<p>Auteur : <span>Riad Ouenzar<\/span> <span class=\"time\">dimanche 12 juillet 2020 16:46<\/span><\/p>\n<\/div>\n<div id=\"post_core\" readability=\"37\">\n<p>Le vice pr\u00e9sident de la formation de l\u2019Etttifaq FC, Hatem Al Meshal a d\u00e9menti tout conflit avec le gardien de but, Ra\u00efs M&rsquo;Bolhi et cela contrairement \u00e0 ce qui avait \u00e9t\u00e9 dit \u00e7a et l\u00e0. Le dirigeant en question a indiqu\u00e9 que le portier de l\u2019EN n\u2019a pas d\u00e9pos\u00e9 de plainte au niveau de la FIFA\u00a0:\u00a0\u00abJe suis pr\u00eat \u00e0 donner tout \u00e0 celui qui prouve que nos joueurs se sont all\u00e9s se plaindre au niveau de la FIFA.\u00bb Rappelons que beaucoup de choses ont \u00e9t\u00e9 dites sur la situation de M\u2019Bolhi. Plusieurs m\u00e9dias saoudiens ont confirm\u00e9 que le portier Alg\u00e9rien est en col\u00e8re contre ses dirigeants apr\u00e8s la r\u00e9duction de son salaire \u00e0 cause de la pand\u00e9mie du Covid-19.<\/p>\n<p><strong>Publi\u00e9 dans :<\/strong> <span>M\u2019bolhi<\/span><\/p>\n<\/div>\n<p>Auteur:<br \/>\n<a href=\"http:\/\/www.lebuteur.com\/article\/detail?titre=la-direction-de-lettifaq-fc-met-les-points-sur-les-i-avec-mbolhi&#038;id=96570&#038;utm_source=feedburner&#038;utm_medium=feed&#038;utm_campaign=Feed%3A+GalerieFArtciles+%28Les+derniers+articles++-+lebuteur.com%29\">Cliquez ici pour lire l&rsquo;article depuis sa source.<\/a><\/p>\n","protected":false},"excerpt":{"rendered":"<p>Auteur : Riad Ouenzar dimanche 12 juillet 2020 16:46 Le vice pr\u00e9sident de la formation de l\u2019Etttifaq FC, Hatem Al Meshal a d\u00e9menti tout conflit avec le gardien de but, Ra\u00efs M&rsquo;Bolhi et cela contrairement \u00e0 ce qui avait \u00e9t\u00e9 dit \u00e7a et l\u00e0. Le dirigeant en question a indiqu\u00e9 que le portier de l\u2019EN [&hellip;]<\/p>\n","protected":false},"author":1738,"featured_media":92085,"comment_status":"closed","ping_status":"closed","sticky":false,"template":"","format":"standard","meta":{"fifu_image_url":"","fifu_image_alt":"","footnotes":""},"categories":[53,75],"tags":[],"class_list":["post-92084","post","type-post","status-publish","format-standard","has-post-thumbnail","hentry","category-algerie","category-sport"],"_links":{"self":[{"href":"https:\/\/linitiative.ca\/International\/wp-json\/wp\/v2\/posts\/92084","targetHints":{"allow":["GET"]}}],"collection":[{"href":"https:\/\/linitiative.ca\/International\/wp-json\/wp\/v2\/posts"}],"about":[{"href":"https:\/\/linitiative.ca\/International\/wp-json\/wp\/v2\/types\/post"}],"author":[{"embeddable":true,"href":"https:\/\/linitiative.ca\/International\/wp-json\/wp\/v2\/users\/1738"}],"replies":[{"embeddable":true,"href":"https:\/\/linitiative.ca\/International\/wp-json\/wp\/v2\/comments?post=92084"}],"version-history":[{"count":0,"href":"https:\/\/linitiative.ca\/International\/wp-json\/wp\/v2\/posts\/92084\/revisions"}],"wp:featuredmedia":[{"embeddable":true,"href":"https:\/\/linitiative.ca\/International\/wp-json\/"}],"wp:attachment":[{"href":"https:\/\/linitiative.ca\/International\/wp-json\/wp\/v2\/media?parent=92084"}],"wp:term":[{"taxonomy":"category","embeddable":true,"href":"https:\/\/linitiative.ca\/International\/wp-json\/wp\/v2\/categories?post=92084"},{"taxonomy":"post_tag","embeddable":true,"href":"https:\/\/linitiative.ca\/International\/wp-json\/wp\/v2\/tags?post=92084"}],"curies":[{"name":"wp","href":"https:\/\/api.w.org\/{rel}","templated":true}]}}